{"id":15880,"date":"2025-09-25T14:05:35","date_gmt":"2025-09-25T17:05:35","guid":{"rendered":"https:\/\/jornalpacity.com.br\/?p=15880"},"modified":"2025-09-25T14:05:37","modified_gmt":"2025-09-25T17:05:37","slug":"prefeito-diz-que-aparecida-e-show-nao-custou-nada-a-prefeitura-mas-diario-oficial-mostra-pagamentos","status":"publish","type":"post","link":"https:\/\/jornalpacity.com.br\/?p=15880","title":{"rendered":"Prefeito diz que Aparecida \u00e9 Show n\u00e3o custou nada \u00e0 Prefeitura, mas Di\u00e1rio Oficial mostra pagamentos"},"content":{"rendered":"\n<h3 class=\"wp-block-heading\">Na noite de abertura da 16\u00aa edi\u00e7\u00e3o do <strong>Aparecida \u00e9 Show<\/strong>, realizada em 24 de setembro, o prefeito <strong>Leandro Vilela<\/strong> declarou com entusiasmo que a prefeitura n\u00e3o gastou \u201cum centavo\u201d no evento, que acontece no estacionamento da Cidade Administrativa Maguito Vilela.<\/h3>\n\n\n\n<p>No entanto, em consulta ao <strong>Di\u00e1rio Oficial<\/strong>, nossa reportagem identificou que a empresa <strong>Tira o P\u00e9 Produ\u00e7\u00f5es<\/strong> assinou contrato de <strong>R$ 250 mil<\/strong>, enquanto a <strong>Innovation Produ\u00e7\u00f5es<\/strong> recebeu <strong>R$ 50 mil<\/strong> no mesmo dia.<\/p>\n\n\n\n<p>A comunica\u00e7\u00e3o da prefeitura refor\u00e7ou que os recursos para a realiza\u00e7\u00e3o do evento e da <strong>Feira da Ind\u00fastria e Com\u00e9rcio<\/strong> s\u00e3o do <strong>Governo de Goi\u00e1s<\/strong>, por meio de emendas, e tamb\u00e9m da <strong>iniciativa privada<\/strong>. Contudo, at\u00e9 o momento, <strong>n\u00e3o h\u00e1 transpar\u00eancia no site oficial<\/strong> indicando de quais emendas esses recursos vieram.<\/p>\n\n\n\n<p> O <em>Jornal Pacity<\/em> segue acompanhando o caso.<\/p>\n\n\n\n<p>veja a materia em nosso canal do youtube: https:\/\/youtu.be\/g1E0s3ii_XM?si=wc1L76iKpcstWmyB<\/p>\n\n\n\n<p>Fotos Jhonney Macena<\/p>\n\n\n\n<p><\/p>\n","protected":false},"excerpt":{"rendered":"<p>Na noite de abertura da 16\u00aa edi\u00e7\u00e3o do Aparecida \u00e9 Show, realizada em 24 de setembro, o prefeito Leandro Vilela declarou com entusiasmo que a prefeitura n\u00e3o gastou \u201cum centavo\u201d no evento, que acontece no estacionamento da Cidade Administrativa Maguito Vilela. No entanto, em consulta ao Di\u00e1rio Oficial, nossa reportagem identificou que a empresa Tira [&hellip;]<\/p>\n","protected":false},"author":1,"featured_media":15881,"comment_status":"open","ping_status":"open","sticky":false,"template":"","format":"standard","meta":{"site-sidebar-layout":"default","site-content-layout":"","ast-site-content-layout":"default","site-content-style":"default","site-sidebar-style":"default","ast-global-header-display":"","ast-banner-title-visibility":"","ast-main-header-display":"","ast-hfb-above-header-display":"","ast-hfb-below-header-display":"","ast-hfb-mobile-header-display":"","site-post-title":"","ast-breadcrumbs-content":"","ast-featured-img":"","footer-sml-layout":"","ast-disable-related-posts":"","theme-transparent-header-meta":"","adv-header-id-meta":"","stick-header-meta":"","header-above-stick-meta":"","header-main-stick-meta":"","header-below-stick-meta":"","astra-migrate-meta-layouts":"set","ast-page-background-enabled":"default","ast-page-background-meta":{"desktop":{"background-color":"var(--ast-global-color-4)","background-image":"","background-repeat":"repeat","background-position":"center center","background-size":"auto","background-attachment":"scroll","background-type":"","background-media":"","overlay-type":"","overlay-color":"","overlay-opacity":"","overlay-gradient":""},"tablet":{"background-color":"","background-image":"","background-repeat":"repeat","background-position":"center center","background-size":"auto","background-attachment":"scroll","background-type":"","background-media":"","overlay-type":"","overlay-color":"","overlay-opacity":"","overlay-gradient":""},"mobile":{"background-color":"","background-image":"","background-repeat":"repeat","background-position":"center center","background-size":"auto","background-attachment":"scroll","background-type":"","background-media":"","overlay-type":"","overlay-color":"","overlay-opacity":"","overlay-gradient":""}},"ast-content-background-meta":{"desktop":{"background-color":"var(--ast-global-color-5)","background-image":"","background-repeat":"repeat","background-position":"center center","background-size":"auto","background-attachment":"scroll","background-type":"","background-media":"","overlay-type":"","overlay-color":"","overlay-opacity":"","overlay-gradient":""},"tablet":{"background-color":"var(--ast-global-color-5)","background-image":"","background-repeat":"repeat","background-position":"center center","background-size":"auto","background-attachment":"scroll","background-type":"","background-media":"","overlay-type":"","overlay-color":"","overlay-opacity":"","overlay-gradient":""},"mobile":{"background-color":"var(--ast-global-color-5)","background-image":"","background-repeat":"repeat","background-position":"center center","background-size":"auto","background-attachment":"scroll","background-type":"","background-media":"","overlay-type":"","overlay-color":"","overlay-opacity":"","overlay-gradient":""}},"footnotes":""},"categories":[45,167,1],"tags":[59,144,299],"class_list":["post-15880","post","type-post","status-publish","format-standard","has-post-thumbnail","hentry","category-aparecida-de-goiania","category-destaque-da-semana","category-sem-categoria","tag-aparecidadegoiania","tag-festa","tag-governo"],"_links":{"self":[{"href":"https:\/\/jornalpacity.com.br\/index.php?rest_route=\/wp\/v2\/posts\/15880","targetHints":{"allow":["GET"]}}],"collection":[{"href":"https:\/\/jornalpacity.com.br\/index.php?rest_route=\/wp\/v2\/posts"}],"about":[{"href":"https:\/\/jornalpacity.com.br\/index.php?rest_route=\/wp\/v2\/types\/post"}],"author":[{"embeddable":true,"href":"https:\/\/jornalpacity.com.br\/index.php?rest_route=\/wp\/v2\/users\/1"}],"replies":[{"embeddable":true,"href":"https:\/\/jornalpacity.com.br\/index.php?rest_route=%2Fwp%2Fv2%2Fcomments&post=15880"}],"version-history":[{"count":1,"href":"https:\/\/jornalpacity.com.br\/index.php?rest_route=\/wp\/v2\/posts\/15880\/revisions"}],"predecessor-version":[{"id":15882,"href":"https:\/\/jornalpacity.com.br\/index.php?rest_route=\/wp\/v2\/posts\/15880\/revisions\/15882"}],"wp:featuredmedia":[{"embeddable":true,"href":"https:\/\/jornalpacity.com.br\/index.php?rest_route=\/wp\/v2\/media\/15881"}],"wp:attachment":[{"href":"https:\/\/jornalpacity.com.br\/index.php?rest_route=%2Fwp%2Fv2%2Fmedia&parent=15880"}],"wp:term":[{"taxonomy":"category","embeddable":true,"href":"https:\/\/jornalpacity.com.br\/index.php?rest_route=%2Fwp%2Fv2%2Fcategories&post=15880"},{"taxonomy":"post_tag","embeddable":true,"href":"https:\/\/jornalpacity.com.br\/index.php?rest_route=%2Fwp%2Fv2%2Ftags&post=15880"}],"curies":[{"name":"wp","href":"https:\/\/api.w.org\/{rel}","templated":true}]}}