{"id":19425,"date":"2025-11-18T14:29:17","date_gmt":"2025-11-18T17:29:17","guid":{"rendered":"https:\/\/jornalpacity.com.br\/?p=19425"},"modified":"2025-11-18T14:29:17","modified_gmt":"2025-11-18T17:29:17","slug":"zona-verde-da-cop30-tem-pauta-dedicada-a-gestao-ambiental","status":"publish","type":"post","link":"https:\/\/jornalpacity.com.br\/?p=19425","title":{"rendered":"Zona Verde da COP30 tem pauta dedicada \u00e0 gest\u00e3o ambiental"},"content":{"rendered":"<p>Nesta ter\u00e7a-feira, as pautas da Zona Verde continuam dedicadas \u00e0 gest\u00e3o ambiental e comunit\u00e1ria, com foco especial em florestas, oceanos e biodiversidade.\u00a0Um dos pain\u00e9is desta manh\u00e3 foi sobre o abandono do uso de combust\u00edveis f\u00f3sseis e a ado\u00e7\u00e3o de novos estilos de vida, educa\u00e7\u00e3o e forma\u00e7\u00e3o para uma convers\u00e3o ecol\u00f3gica estrutural.\u00a0Outra discuss\u00e3o foram os desafios e inova\u00e7\u00f5es na gest\u00e3o da aten\u00e7\u00e3o \u00e0 sa\u00fade dos ind\u00edgenas em tempos de crise clim\u00e1tica.<img decoding=\"async\" src=\"https:\/\/agenciabrasil.ebc.com.br\/ebc.png?id=1668418&#038;o=rss\"><img decoding=\"async\" src=\"https:\/\/agenciabrasil.ebc.com.br\/ebc.gif?id=1668418&#038;o=rss\"><\/p>\n<p>Por falar em crise clim\u00e1tica, o diretor da Global Climate Fund, Carlos Aragon, disse que o Amazonas tem implementado uma s\u00e9rie de a\u00e7\u00f5es voltadas ao cr\u00e9dito de carbono. E que o estado, por ser o maior do Brasil, \u00e9 protagonista nas a\u00e7\u00f5es que promovam essa virada de chave clim\u00e1tica.\u00a0<\/p>\n<p>Outra discuss\u00e3o desta ter\u00e7a-feira foi o esfor\u00e7o internacional para a cria\u00e7\u00e3o e consolida\u00e7\u00e3o de unidades de conserva\u00e7\u00e3o na Amaz\u00f4nia. O debate contou com a participa\u00e7\u00e3o do diretor nacional do Instituto Nacional de Pesquisas da Amaz\u00f4nia, o INPA, Doutor Henrique Pereira. Ele defende que a gest\u00e3o, quando feita de forma multilateral, com o esfor\u00e7o dos estados interamericanos, faz com que as solu\u00e7\u00f5es surjam com mais efici\u00eancia.<\/p>\n<p>  <span class=\"hms hms-format-m-ss\">1:20<\/span><\/p>\n","protected":false},"excerpt":{"rendered":"<p>Nesta ter\u00e7a-feira, as pautas da Zona Verde continuam dedicadas \u00e0 gest\u00e3o ambiental e comunit\u00e1ria, com foco especial em florestas, oceanos e biodiversidade.\u00a0Um dos pain\u00e9is desta manh\u00e3 foi sobre o abandono do uso de combust\u00edveis f\u00f3sseis e a ado\u00e7\u00e3o de novos estilos de vida, educa\u00e7\u00e3o e forma\u00e7\u00e3o para uma convers\u00e3o ecol\u00f3gica estrutural.\u00a0Outra discuss\u00e3o foram os desafios [&hellip;]<\/p>\n","protected":false},"author":329,"featured_media":19426,"comment_status":"open","ping_status":"open","sticky":false,"template":"","format":"standard","meta":{"site-sidebar-layout":"default","site-content-layout":"","ast-site-content-layout":"default","site-content-style":"default","site-sidebar-style":"default","ast-global-header-display":"","ast-banner-title-visibility":"","ast-main-header-display":"","ast-hfb-above-header-display":"","ast-hfb-below-header-display":"","ast-hfb-mobile-header-display":"","site-post-title":"","ast-breadcrumbs-content":"","ast-featured-img":"","footer-sml-layout":"","ast-disable-related-posts":"","theme-transparent-header-meta":"","adv-header-id-meta":"","stick-header-meta":"","header-above-stick-meta":"","header-main-stick-meta":"","header-below-stick-meta":"","astra-migrate-meta-layouts":"default","ast-page-background-enabled":"default","ast-page-background-meta":{"desktop":{"background-color":"var(--ast-global-color-4)","background-image":"","background-repeat":"repeat","background-position":"center center","background-size":"auto","background-attachment":"scroll","background-type":"","background-media":"","overlay-type":"","overlay-color":"","overlay-opacity":"","overlay-gradient":""},"tablet":{"background-color":"","background-image":"","background-repeat":"repeat","background-position":"center center","background-size":"auto","background-attachment":"scroll","background-type":"","background-media":"","overlay-type":"","overlay-color":"","overlay-opacity":"","overlay-gradient":""},"mobile":{"background-color":"","background-image":"","background-repeat":"repeat","background-position":"center center","background-size":"auto","background-attachment":"scroll","background-type":"","background-media":"","overlay-type":"","overlay-color":"","overlay-opacity":"","overlay-gradient":""}},"ast-content-background-meta":{"desktop":{"background-color":"var(--ast-global-color-5)","background-image":"","background-repeat":"repeat","background-position":"center center","background-size":"auto","background-attachment":"scroll","background-type":"","background-media":"","overlay-type":"","overlay-color":"","overlay-opacity":"","overlay-gradient":""},"tablet":{"background-color":"var(--ast-global-color-5)","background-image":"","background-repeat":"repeat","background-position":"center center","background-size":"auto","background-attachment":"scroll","background-type":"","background-media":"","overlay-type":"","overlay-color":"","overlay-opacity":"","overlay-gradient":""},"mobile":{"background-color":"var(--ast-global-color-5)","background-image":"","background-repeat":"repeat","background-position":"center center","background-size":"auto","background-attachment":"scroll","background-type":"","background-media":"","overlay-type":"","overlay-color":"","overlay-opacity":"","overlay-gradient":""}},"footnotes":""},"categories":[55],"tags":[],"class_list":["post-19425","post","type-post","status-publish","format-standard","has-post-thumbnail","hentry","category-meio-ambiente"],"_links":{"self":[{"href":"https:\/\/jornalpacity.com.br\/index.php?rest_route=\/wp\/v2\/posts\/19425","targetHints":{"allow":["GET"]}}],"collection":[{"href":"https:\/\/jornalpacity.com.br\/index.php?rest_route=\/wp\/v2\/posts"}],"about":[{"href":"https:\/\/jornalpacity.com.br\/index.php?rest_route=\/wp\/v2\/types\/post"}],"author":[{"embeddable":true,"href":"https:\/\/jornalpacity.com.br\/index.php?rest_route=\/wp\/v2\/users\/329"}],"replies":[{"embeddable":true,"href":"https:\/\/jornalpacity.com.br\/index.php?rest_route=%2Fwp%2Fv2%2Fcomments&post=19425"}],"version-history":[{"count":0,"href":"https:\/\/jornalpacity.com.br\/index.php?rest_route=\/wp\/v2\/posts\/19425\/revisions"}],"wp:featuredmedia":[{"embeddable":true,"href":"https:\/\/jornalpacity.com.br\/index.php?rest_route=\/wp\/v2\/media\/19426"}],"wp:attachment":[{"href":"https:\/\/jornalpacity.com.br\/index.php?rest_route=%2Fwp%2Fv2%2Fmedia&parent=19425"}],"wp:term":[{"taxonomy":"category","embeddable":true,"href":"https:\/\/jornalpacity.com.br\/index.php?rest_route=%2Fwp%2Fv2%2Fcategories&post=19425"},{"taxonomy":"post_tag","embeddable":true,"href":"https:\/\/jornalpacity.com.br\/index.php?rest_route=%2Fwp%2Fv2%2Ftags&post=19425"}],"curies":[{"name":"wp","href":"https:\/\/api.w.org\/{rel}","templated":true}]}}