{"id":20308,"date":"2025-12-03T00:31:14","date_gmt":"2025-12-03T03:31:14","guid":{"rendered":"https:\/\/jornalpacity.com.br\/?p=20308"},"modified":"2025-12-03T00:31:14","modified_gmt":"2025-12-03T03:31:14","slug":"pedido-de-vista-adia-votacao-de-parecer-sobre-mandato-de-zambelli","status":"publish","type":"post","link":"https:\/\/jornalpacity.com.br\/?p=20308","title":{"rendered":"Pedido de vista adia vota\u00e7\u00e3o de parecer sobre mandato de Zambelli"},"content":{"rendered":"<\/p>\n<p><a class=\"\" href=\"https:\/\/agenciabrasil.ebc.com.br\/politica\/noticia\/2025-12\/pedido-de-vista-adia-votacao-de-parecer-sobre-mandato-de-zambelli\"><br \/>\n                    <img decoding=\"async\" src=\"https:\/\/cdn.jsdelivr.net\/gh\/sergiosdlima\/assets-ebc@1.0.0\/abr\/assets\/images\/logo-agenciabrasil.svg\" alt=\"Logo Ag\u00eancia Brasil\"><br \/>\n\t\t\t\t<\/a><\/p>\n<p><strong>Um pedido de vista coletivo adiou a vota\u00e7\u00e3o do relat\u00f3rio do deputado Diego Garcia (Republicanos-PR) na Comiss\u00e3o de Constitui\u00e7\u00e3o e Justi\u00e7a (CCJ) da C\u00e2mara dos Deputados que trata da perda do mandato da deputada federal Carla Zambelli (PL-SP).<\/strong> Mais cedo, Garcia <a href=\"https:\/\/agenciabrasil.ebc.com.br\/politica\/noticia\/2025-12\/ccj-relator-vota-pela-manutencao-do-mandato-de-carla-zambelli\">apresentou seu parecer<\/a> se manifestando contr\u00e1rio \u00e0 cassa\u00e7\u00e3o da parlamentar.\u00a0<img decoding=\"async\" src=\"https:\/\/agenciabrasil.ebc.com.br\/ebc.png?id=1670483&#038;o=rss\"><img decoding=\"async\" src=\"https:\/\/agenciabrasil.ebc.com.br\/ebc.gif?id=1670483&#038;o=rss\"><\/p>\n<p><strong>Com o pedido de vista, o relat\u00f3rio s\u00f3 ser\u00e1 analisado ap\u00f3s duas reuni\u00f5es do colegiado. A previs\u00e3o \u00e9 que Zambelli e sua defesa sejam ouvidos na pr\u00f3xima reuni\u00e3o da CCJ.<\/strong><\/p>\n<\/p>\n<h3>Not\u00edcias relacionadas:<\/h3>\n<ul>\n<li><a href=\"https:\/\/agenciabrasil.ebc.com.br\/politica\/noticia\/2025-12\/ccj-relator-vota-pela-manutencao-do-mandato-de-carla-zambelli\">CCJ: relator vota pela manuten\u00e7\u00e3o do mandato de Carla Zambelli.<\/a><\/li>\n<li><a href=\"https:\/\/agenciabrasil.ebc.com.br\/justica\/noticia\/2025-10\/stf-condenacao-de-zambelli-por-perseguicao-armada-e-definitiva\">STF: condena\u00e7\u00e3o de Zambelli por persegui\u00e7\u00e3o armada \u00e9 definitiva .<\/a><\/li>\n<\/ul>\n<p>Zambelli foi condenada pelo Supremo Tribunal Federal (STF) a 10 anos de pris\u00e3o, multa e a perda do mandato no caso relacionado \u00e0 invas\u00e3o dos sistemas do Conselho Nacional de Justi\u00e7a (CNJ). A deputada, entretanto, fugiu para a It\u00e1lia, em julho, pouco antes de sua pris\u00e3o ser decretada.<\/p>\n<p><strong>A parlamentar est\u00e1 presa no pa\u00eds europeu, esperando uma decis\u00e3o da Justi\u00e7a italiana sobre o pedido de extradi\u00e7\u00e3o feito pelo Brasil. <\/strong>Na movimenta\u00e7\u00e3o mais recente, o Minist\u00e9rio P\u00fablico de It\u00e1lia <a href=\"https:\/\/agenciabrasil.ebc.com.br\/justica\/noticia\/2025-10\/mp-da-italia-da-parecer-favoravel-extradicao-de-carla-zambelli\">deu parecer favor\u00e1vel \u00e0 extradi\u00e7\u00e3o<\/a>.<\/p>\n<p>A decis\u00e3o sobre perda do mandato <a href=\"https:\/\/agenciabrasil.ebc.com.br\/politica\/noticia\/2025-06\/motta-encaminha-ccj-processo-de-cassacao-de-carla-zambelli\">foi encaminhada para a CCJ<\/a>, tamb\u00e9m em junho, pelo presidente da C\u00e2mara dos Deputados, Hugo Motta (Republicanos-PB).<\/p>\n<p><strong>Em seu parecer, Garcia afirmou n\u00e3o haver certeza sobre que Zambelli ordenou o ataque aos sistemas do CNJ.<\/strong><\/p>\n<blockquote>\n<p>\u201cOnde houver sombra de incerteza, se houver lacuna de prova, que prevale\u00e7a ent\u00e3o o respeito ao voto de quase um milh\u00e3o de brasileiros que a elegeram\u201d, escreveu.<\/p>\n<\/blockquote>\n<p>O deputado acusou ainda o STF de \u201cpersegui\u00e7\u00e3o pol\u00edtica\u201d a Zambelli e que a decis\u00e3o da corte foi tomada a partir do que classificou como \u201calguns arquivos recebidos por e-mails\u201d e do \u201ctestemunho d\u00fabio\u201d do hacker Walter Delgatti Netto, que tamb\u00e9m, foi condenado e preso pela invas\u00e3o do sistema do CNJ. Na invas\u00e3o do dia 4 de janeiro de 2023, o hacker incluiu um pedido de pris\u00e3o falso contra o ministro Alexandre de Moraes, do Supremo Tribunal Federal (STF).<\/p>\n<p>\u201cPorque, ao faz\u00ea-lo [defender a perda do mandato], n\u00e3o condenar\u00edamos apenas uma deputada. Condenar\u00edamos os seus eleitores. Silenciar\u00edamos quase um milh\u00e3o de vozes que depositaram, nas urnas, a esperan\u00e7a de serem representadas neste Parlamento. E reproduzir os frutos de uma persegui\u00e7\u00e3o pol\u00edtica que maculou o poder Judici\u00e1rio, servir\u00e1 somente para macular tamb\u00e9m o poder Legislativo\u201d, justificou Garcia disse.<\/p>\n<p><strong>Ap\u00f3s a vota\u00e7\u00e3o do parecer, ele ser\u00e1 levado para o plen\u00e1rio da C\u00e2mara para a vota\u00e7\u00e3o final. Para a perda do mandato \u00e9 necess\u00e1ria a maioria absoluta dos votos dos 513 deputados.<\/strong><\/p>\n<p><strong>A l\u00edder do PSOl, Fernanda Melchionna (PSOL-RS) disse que o parecer \u00e9 um tapa na cara do povo brasileiro.<\/strong><\/p>\n<blockquote>\n<p>&#8220;N\u00f3s n\u00e3o estamos julgando aqui a inoc\u00eancia, que obviamente nem eu, nem o Judici\u00e1rio acham, afinal, ela foi condenada. Estamos discutindo aqui se algu\u00e9m que est\u00e1 preso em outro pa\u00eds, sem acesso \u00e0 internet, no xilindr\u00f3, vai poder seguir com o mandato deputado federal\u201d, disse.<\/p>\n<\/blockquote>\n<p>\u201cO relat\u00f3rio \u00e9 um tapa na cara do povo brasileiro, porque nenhuma pessoa em s\u00e3 consci\u00eancia acha que a C\u00e2mara dos Deputados tem que gastar por m\u00eas R$ 140 mil para pagar assessores de um mandato que n\u00e3o existe, porque tem uma deputada presa\u201d, acrescentou.<\/p>\n","protected":false},"excerpt":{"rendered":"<p>Um pedido de vista coletivo adiou a vota\u00e7\u00e3o do relat\u00f3rio do deputado Diego Garcia (Republicanos-PR) na Comiss\u00e3o de Constitui\u00e7\u00e3o e Justi\u00e7a (CCJ) da C\u00e2mara dos Deputados que trata da perda do mandato da deputada federal Carla Zambelli (PL-SP). Mais cedo, Garcia apresentou seu parecer se manifestando contr\u00e1rio \u00e0 cassa\u00e7\u00e3o da parlamentar.\u00a0 Com o pedido de [&hellip;]<\/p>\n","protected":false},"author":50,"featured_media":20309,"comment_status":"open","ping_status":"open","sticky":false,"template":"","format":"standard","meta":{"site-sidebar-layout":"default","site-content-layout":"","ast-site-content-layout":"default","site-content-style":"default","site-sidebar-style":"default","ast-global-header-display":"","ast-banner-title-visibility":"","ast-main-header-display":"","ast-hfb-above-header-display":"","ast-hfb-below-header-display":"","ast-hfb-mobile-header-display":"","site-post-title":"","ast-breadcrumbs-content":"","ast-featured-img":"","footer-sml-layout":"","ast-disable-related-posts":"","theme-transparent-header-meta":"","adv-header-id-meta":"","stick-header-meta":"","header-above-stick-meta":"","header-main-stick-meta":"","header-below-stick-meta":"","astra-migrate-meta-layouts":"default","ast-page-background-enabled":"default","ast-page-background-meta":{"desktop":{"background-color":"var(--ast-global-color-4)","background-image":"","background-repeat":"repeat","background-position":"center center","background-size":"auto","background-attachment":"scroll","background-type":"","background-media":"","overlay-type":"","overlay-color":"","overlay-opacity":"","overlay-gradient":""},"tablet":{"background-color":"","background-image":"","background-repeat":"repeat","background-position":"center center","background-size":"auto","background-attachment":"scroll","background-type":"","background-media":"","overlay-type":"","overlay-color":"","overlay-opacity":"","overlay-gradient":""},"mobile":{"background-color":"","background-image":"","background-repeat":"repeat","background-position":"center center","background-size":"auto","background-attachment":"scroll","background-type":"","background-media":"","overlay-type":"","overlay-color":"","overlay-opacity":"","overlay-gradient":""}},"ast-content-background-meta":{"desktop":{"background-color":"var(--ast-global-color-5)","background-image":"","background-repeat":"repeat","background-position":"center center","background-size":"auto","background-attachment":"scroll","background-type":"","background-media":"","overlay-type":"","overlay-color":"","overlay-opacity":"","overlay-gradient":""},"tablet":{"background-color":"var(--ast-global-color-5)","background-image":"","background-repeat":"repeat","background-position":"center center","background-size":"auto","background-attachment":"scroll","background-type":"","background-media":"","overlay-type":"","overlay-color":"","overlay-opacity":"","overlay-gradient":""},"mobile":{"background-color":"var(--ast-global-color-5)","background-image":"","background-repeat":"repeat","background-position":"center center","background-size":"auto","background-attachment":"scroll","background-type":"","background-media":"","overlay-type":"","overlay-color":"","overlay-opacity":"","overlay-gradient":""}},"footnotes":""},"categories":[4],"tags":[],"class_list":["post-20308","post","type-post","status-publish","format-standard","has-post-thumbnail","hentry","category-politica"],"_links":{"self":[{"href":"https:\/\/jornalpacity.com.br\/index.php?rest_route=\/wp\/v2\/posts\/20308","targetHints":{"allow":["GET"]}}],"collection":[{"href":"https:\/\/jornalpacity.com.br\/index.php?rest_route=\/wp\/v2\/posts"}],"about":[{"href":"https:\/\/jornalpacity.com.br\/index.php?rest_route=\/wp\/v2\/types\/post"}],"author":[{"embeddable":true,"href":"https:\/\/jornalpacity.com.br\/index.php?rest_route=\/wp\/v2\/users\/50"}],"replies":[{"embeddable":true,"href":"https:\/\/jornalpacity.com.br\/index.php?rest_route=%2Fwp%2Fv2%2Fcomments&post=20308"}],"version-history":[{"count":0,"href":"https:\/\/jornalpacity.com.br\/index.php?rest_route=\/wp\/v2\/posts\/20308\/revisions"}],"wp:featuredmedia":[{"embeddable":true,"href":"https:\/\/jornalpacity.com.br\/index.php?rest_route=\/wp\/v2\/media\/20309"}],"wp:attachment":[{"href":"https:\/\/jornalpacity.com.br\/index.php?rest_route=%2Fwp%2Fv2%2Fmedia&parent=20308"}],"wp:term":[{"taxonomy":"category","embeddable":true,"href":"https:\/\/jornalpacity.com.br\/index.php?rest_route=%2Fwp%2Fv2%2Fcategories&post=20308"},{"taxonomy":"post_tag","embeddable":true,"href":"https:\/\/jornalpacity.com.br\/index.php?rest_route=%2Fwp%2Fv2%2Ftags&post=20308"}],"curies":[{"name":"wp","href":"https:\/\/api.w.org\/{rel}","templated":true}]}}