{"id":25579,"date":"2026-03-07T11:55:28","date_gmt":"2026-03-07T14:55:28","guid":{"rendered":"https:\/\/jornalpacity.com.br\/?p=25579"},"modified":"2026-03-07T11:55:28","modified_gmt":"2026-03-07T14:55:28","slug":"defesa-confirma-morte-de-sicario-aliado-de-vorcaro","status":"publish","type":"post","link":"https:\/\/jornalpacity.com.br\/?p=25579","title":{"rendered":"Defesa confirma morte de Sic\u00e1rio, aliado de Vorcaro"},"content":{"rendered":"<\/p>\n<p><a class=\"\" href=\"https:\/\/agenciabrasil.ebc.com.br\/geral\/noticia\/2026-03\/defesa-confirma-morte-de-sicario-aliado-de-vorcaro\"><br \/>\n                    <img decoding=\"async\" src=\"https:\/\/cdn.jsdelivr.net\/gh\/sergiosdlima\/assets-ebc@1.0.0\/abr\/assets\/images\/logo-agenciabrasil.svg\" alt=\"Logo Ag\u00eancia Brasil\"><br \/>\n\t\t\t\t<\/a><\/p>\n<p><strong>Luiz Phillipi Mour\u00e3o, conhecido como Sic\u00e1rio, preso na terceira fase da Opera\u00e7\u00e3o Compliance Zero, da Pol\u00edcia Federal (PF), morreu nesta sexta-feira (6), em Belo Horizonte. A informa\u00e7\u00e3o foi confirmada pela defesa dele.<\/strong><img decoding=\"async\" src=\"https:\/\/agenciabrasil.ebc.com.br\/ebc.png?id=1681071&#038;o=rss\"><img decoding=\"async\" src=\"https:\/\/agenciabrasil.ebc.com.br\/ebc.gif?id=1681071&#038;o=rss\"><\/p>\n<p>Mour\u00e3o estava internado no centro de terapia intensiva (CTI) do Hospital Jo\u00e3o 23 desde a \u00faltima quarta-feira (4), <strong>ap\u00f3s tentativa de suic\u00eddio na pris\u00e3o<\/strong>. De acordo com a Secretaria Estadual de Sa\u00fade de Minas Gerais, havia <a href=\"https:\/\/agenciabrasil.ebc.com.br\/justica\/noticia\/2026-03\/aliado-de-vorcaro-sicario-tem-suspeita-de-morte-cerebral\" target=\"_blank\">suspeita de morte cerebral<\/a>.<\/p>\n<\/p>\n<h3>Not\u00edcias relacionadas:<\/h3>\n<ul>\n<li><a href=\"https:\/\/agenciabrasil.ebc.com.br\/justica\/noticia\/2026-03\/aliado-de-vorcaro-sicario-tem-suspeita-de-morte-cerebral\">Aliado de Vorcaro, Sic\u00e1rio tem suspeita de morte cerebral.<\/a><\/li>\n<li><a href=\"https:\/\/agenciabrasil.ebc.com.br\/justica\/noticia\/2026-03\/pf-deflagra-terceira-fase-da-operacao-compliance-zero\">PF prende Daniel Vorcaro em 3\u00aa fase da Opera\u00e7\u00e3o Compliance Zero.<\/a><\/li>\n<\/ul>\n<p><strong>Em nota, o advogado de Mour\u00e3o, Robson Lucas, informou que o quadro cl\u00ednico de Mour\u00e3o se agravou e que o \u00f3bito foi declarado \u00e0s 18h55, ap\u00f3s encerramento do protocolo de morte encef\u00e1lica iniciado por volta das 10h do mesmo dia.<\/strong><\/p>\n<h2>Entenda<\/h2>\n<p>Na manh\u00e3 da \u00faltima quarta-feira, Mour\u00e3o foi l<a href=\"https:\/\/agenciabrasil.ebc.com.br\/justica\/noticia\/2026-03\/pf-deflagra-terceira-fase-da-operacao-compliance-zero\" target=\"_blank\">evado para a carceragem da PF<\/a> na capital mineira ap\u00f3s cumprimento do <strong>mandado de pris\u00e3o emitido pelo ministro Andr\u00e9 Mendon\u00e7a, do Supremo Tribunal Federal (STF).<\/strong><\/p>\n<p>Segundo a corpora\u00e7\u00e3o, o investigado atentou contra a pr\u00f3pria vida e foi reanimado por policiais respons\u00e1veis pela cust\u00f3dia. O Servi\u00e7o de Atendimento M\u00f3vel de Urg\u00eancia (Samu) foi acionado e Mour\u00e3o foi encaminhado para o hospital.<\/p>\n<p>De acordo com as investiga\u00e7\u00f5es, Mour\u00e3o atuava como <a href=\"https:\/\/agenciabrasil.ebc.com.br\/justica\/noticia\/2026-03\/vorcaro-mantinha-estrutura-de-intimidacao-de-pessoas-cita-ministro\" target=\"_blank\">ajudante do banqueiro Daniel Vorcaro<\/a>, dono do banco Master, que tamb\u00e9m foi preso na quarta-feira durante opera\u00e7\u00e3o da PF.<\/p>\n<p><strong>Sic\u00e1rio, como era chamado pelo empres\u00e1rio, seria respons\u00e1vel pelo monitoramento e obten\u00e7\u00e3o de informa\u00e7\u00f5es sigilosas de pessoas consideradas advers\u00e1rias dos interesses do banqueiro.<\/strong><\/p>\n<h2>Centro de Valoriza\u00e7\u00e3o da Vida<\/h2>\n<p>Qualquer pessoa com pensamentos e sentimentos de querer acabar com a pr\u00f3pria vida deve buscar acolhimento em sua rede de apoio, como familiares, amigos e educadores, e tamb\u00e9m em servi\u00e7os de sa\u00fade.<\/p>\n<p>De acordo com o Minist\u00e9rio da Sa\u00fade, \u00e9 importante conversar com algu\u00e9m de confian\u00e7a e n\u00e3o hesitar em pedir ajuda, inclusive para buscar servi\u00e7os de sa\u00fade.<\/p>\n<p>O Centro de Valoriza\u00e7\u00e3o da Vida (CVV) oferece apoio emocional e preven\u00e7\u00e3o do suic\u00eddio, atendendo volunt\u00e1ria e gratuitamente todas as pessoas que querem e precisam conversar, sob total sigilo, por telefone (188), e-mail, chat e voip 24 horas todos os dias.<\/p>\n<p><em>*Colaborou Andr\u00e9 Richter<\/em><\/p>\n","protected":false},"excerpt":{"rendered":"<p>Luiz Phillipi Mour\u00e3o, conhecido como Sic\u00e1rio, preso na terceira fase da Opera\u00e7\u00e3o Compliance Zero, da Pol\u00edcia Federal (PF), morreu nesta sexta-feira (6), em Belo Horizonte. A informa\u00e7\u00e3o foi confirmada pela defesa dele. Mour\u00e3o estava internado no centro de terapia intensiva (CTI) do Hospital Jo\u00e3o 23 desde a \u00faltima quarta-feira (4), ap\u00f3s tentativa de suic\u00eddio na [&hellip;]<\/p>\n","protected":false},"author":1,"featured_media":25580,"comment_status":"open","ping_status":"open","sticky":false,"template":"","format":"standard","meta":{"site-sidebar-layout":"default","site-content-layout":"","ast-site-content-layout":"default","site-content-style":"default","site-sidebar-style":"default","ast-global-header-display":"","ast-banner-title-visibility":"","ast-main-header-display":"","ast-hfb-above-header-display":"","ast-hfb-below-header-display":"","ast-hfb-mobile-header-display":"","site-post-title":"","ast-breadcrumbs-content":"","ast-featured-img":"","footer-sml-layout":"","ast-disable-related-posts":"","theme-transparent-header-meta":"","adv-header-id-meta":"","stick-header-meta":"","header-above-stick-meta":"","header-main-stick-meta":"","header-below-stick-meta":"","astra-migrate-meta-layouts":"default","ast-page-background-enabled":"default","ast-page-background-meta":{"desktop":{"background-color":"var(--ast-global-color-4)","background-image":"","background-repeat":"repeat","background-position":"center center","background-size":"auto","background-attachment":"scroll","background-type":"","background-media":"","overlay-type":"","overlay-color":"","overlay-opacity":"","overlay-gradient":""},"tablet":{"background-color":"","background-image":"","background-repeat":"repeat","background-position":"center center","background-size":"auto","background-attachment":"scroll","background-type":"","background-media":"","overlay-type":"","overlay-color":"","overlay-opacity":"","overlay-gradient":""},"mobile":{"background-color":"","background-image":"","background-repeat":"repeat","background-position":"center center","background-size":"auto","background-attachment":"scroll","background-type":"","background-media":"","overlay-type":"","overlay-color":"","overlay-opacity":"","overlay-gradient":""}},"ast-content-background-meta":{"desktop":{"background-color":"var(--ast-global-color-5)","background-image":"","background-repeat":"repeat","background-position":"center center","background-size":"auto","background-attachment":"scroll","background-type":"","background-media":"","overlay-type":"","overlay-color":"","overlay-opacity":"","overlay-gradient":""},"tablet":{"background-color":"var(--ast-global-color-5)","background-image":"","background-repeat":"repeat","background-position":"center center","background-size":"auto","background-attachment":"scroll","background-type":"","background-media":"","overlay-type":"","overlay-color":"","overlay-opacity":"","overlay-gradient":""},"mobile":{"background-color":"var(--ast-global-color-5)","background-image":"","background-repeat":"repeat","background-position":"center center","background-size":"auto","background-attachment":"scroll","background-type":"","background-media":"","overlay-type":"","overlay-color":"","overlay-opacity":"","overlay-gradient":""}},"footnotes":""},"categories":[1],"tags":[],"class_list":["post-25579","post","type-post","status-publish","format-standard","has-post-thumbnail","hentry","category-sem-categoria"],"_links":{"self":[{"href":"https:\/\/jornalpacity.com.br\/index.php?rest_route=\/wp\/v2\/posts\/25579","targetHints":{"allow":["GET"]}}],"collection":[{"href":"https:\/\/jornalpacity.com.br\/index.php?rest_route=\/wp\/v2\/posts"}],"about":[{"href":"https:\/\/jornalpacity.com.br\/index.php?rest_route=\/wp\/v2\/types\/post"}],"author":[{"embeddable":true,"href":"https:\/\/jornalpacity.com.br\/index.php?rest_route=\/wp\/v2\/users\/1"}],"replies":[{"embeddable":true,"href":"https:\/\/jornalpacity.com.br\/index.php?rest_route=%2Fwp%2Fv2%2Fcomments&post=25579"}],"version-history":[{"count":0,"href":"https:\/\/jornalpacity.com.br\/index.php?rest_route=\/wp\/v2\/posts\/25579\/revisions"}],"wp:featuredmedia":[{"embeddable":true,"href":"https:\/\/jornalpacity.com.br\/index.php?rest_route=\/wp\/v2\/media\/25580"}],"wp:attachment":[{"href":"https:\/\/jornalpacity.com.br\/index.php?rest_route=%2Fwp%2Fv2%2Fmedia&parent=25579"}],"wp:term":[{"taxonomy":"category","embeddable":true,"href":"https:\/\/jornalpacity.com.br\/index.php?rest_route=%2Fwp%2Fv2%2Fcategories&post=25579"},{"taxonomy":"post_tag","embeddable":true,"href":"https:\/\/jornalpacity.com.br\/index.php?rest_route=%2Fwp%2Fv2%2Ftags&post=25579"}],"curies":[{"name":"wp","href":"https:\/\/api.w.org\/{rel}","templated":true}]}}