{"id":27181,"date":"2026-04-03T13:54:48","date_gmt":"2026-04-03T16:54:48","guid":{"rendered":"https:\/\/jornalpacity.com.br\/?p=27181"},"modified":"2026-04-03T13:54:48","modified_gmt":"2026-04-03T16:54:48","slug":"fieis-acompanham-via-sacra-de-sexta-feira-santa-no-distrito-federal","status":"publish","type":"post","link":"https:\/\/jornalpacity.com.br\/?p=27181","title":{"rendered":"Fi\u00e9is acompanham Via Sacra de Sexta-Feira Santa no Distrito Federal"},"content":{"rendered":"<p>Milhares de fi\u00e9is acompanham a Via Sacra nesta Sexta-Feira Santa no Morro da Capelinha, em Planaltina, regi\u00e3o administrativa do Distrito Federal, a cerca de 40 quil\u00f4metros de Bras\u00edlia. O evento, que completa 53 anos em 2026, \u00e9 o grande destaque da programa\u00e7\u00e3o religiosa da capital, reunindo f\u00e9, tradi\u00e7\u00e3o e cultura. As encena\u00e7\u00f5es come\u00e7am a partir das 15h, primeiro com a celebra\u00e7\u00e3o da Cruz, seguida da Paix\u00e3o de Cristo. O diretor-geral do grupo da Via Sacra do Morro da Capelinha, Preto Rezende, destaca a for\u00e7a da comunidade para tornar o evento um dos mais tradicionais do pa\u00eds. Preto conta que a encena\u00e7\u00e3o reserva muitas surpresas para o p\u00fablico:<img decoding=\"async\" src=\"https:\/\/agenciabrasil.ebc.com.br\/ebc.png?id=1684776&#038;o=rss\"><img decoding=\"async\" src=\"https:\/\/agenciabrasil.ebc.com.br\/ebc.gif?id=1684776&#038;o=rss\"><\/p>\n<blockquote>\n<p>&#8220;15 horas, a celebra\u00e7\u00e3o da Cruz&#8230; o bispo Dom Paulo Cezar, bispo de Bras\u00edlia, preside a celebra\u00e7\u00e3o da Cruz. \u00c0s 16 horas inicia todo o trabalho das encena\u00e7\u00f5es, n\u00e9? Da cidade, o julgamento, as flagela\u00e7\u00f5es, as 14 esta\u00e7\u00f5es dolorosas e, para o p\u00fablico que fica, que a gente n\u00e3o fica tamb\u00e9m s\u00f3 na Cruz&#8230; n\u00f3s acreditamos na ressurrei\u00e7\u00e3o! Ent\u00e3o, a gente faz a 15\u00aa esta\u00e7\u00e3o, que \u00e9 a esta\u00e7\u00e3o gloriosa, onde Jesus \u00e9 ressuscitado&#8221;, conta.<\/p>\n<\/blockquote>\n<p>Em 2025, mais de 100 mil pessoas acompanharam a Via Sacra no Morro da Capelinha, em Planaltina. O espet\u00e1culo contou ainda com cerca de 1.400 volunt\u00e1rios, entre produ\u00e7\u00e3o, atores e figurantes.\u00a0<\/p>\n<p>  <span class=\"hms hms-format-m-ss\">1:37<\/span><\/p>\n","protected":false},"excerpt":{"rendered":"<p>Milhares de fi\u00e9is acompanham a Via Sacra nesta Sexta-Feira Santa no Morro da Capelinha, em Planaltina, regi\u00e3o administrativa do Distrito Federal, a cerca de 40 quil\u00f4metros de Bras\u00edlia. O evento, que completa 53 anos em 2026, \u00e9 o grande destaque da programa\u00e7\u00e3o religiosa da capital, reunindo f\u00e9, tradi\u00e7\u00e3o e cultura. As encena\u00e7\u00f5es come\u00e7am a partir [&hellip;]<\/p>\n","protected":false},"author":165,"featured_media":27182,"comment_status":"open","ping_status":"open","sticky":false,"template":"","format":"standard","meta":{"site-sidebar-layout":"default","site-content-layout":"","ast-site-content-layout":"default","site-content-style":"default","site-sidebar-style":"default","ast-global-header-display":"","ast-banner-title-visibility":"","ast-main-header-display":"","ast-hfb-above-header-display":"","ast-hfb-below-header-display":"","ast-hfb-mobile-header-display":"","site-post-title":"","ast-breadcrumbs-content":"","ast-featured-img":"","footer-sml-layout":"","ast-disable-related-posts":"","theme-transparent-header-meta":"","adv-header-id-meta":"","stick-header-meta":"","header-above-stick-meta":"","header-main-stick-meta":"","header-below-stick-meta":"","astra-migrate-meta-layouts":"default","ast-page-background-enabled":"default","ast-page-background-meta":{"desktop":{"background-color":"var(--ast-global-color-4)","background-image":"","background-repeat":"repeat","background-position":"center center","background-size":"auto","background-attachment":"scroll","background-type":"","background-media":"","overlay-type":"","overlay-color":"","overlay-opacity":"","overlay-gradient":""},"tablet":{"background-color":"","background-image":"","background-repeat":"repeat","background-position":"center center","background-size":"auto","background-attachment":"scroll","background-type":"","background-media":"","overlay-type":"","overlay-color":"","overlay-opacity":"","overlay-gradient":""},"mobile":{"background-color":"","background-image":"","background-repeat":"repeat","background-position":"center center","background-size":"auto","background-attachment":"scroll","background-type":"","background-media":"","overlay-type":"","overlay-color":"","overlay-opacity":"","overlay-gradient":""}},"ast-content-background-meta":{"desktop":{"background-color":"var(--ast-global-color-5)","background-image":"","background-repeat":"repeat","background-position":"center center","background-size":"auto","background-attachment":"scroll","background-type":"","background-media":"","overlay-type":"","overlay-color":"","overlay-opacity":"","overlay-gradient":""},"tablet":{"background-color":"var(--ast-global-color-5)","background-image":"","background-repeat":"repeat","background-position":"center center","background-size":"auto","background-attachment":"scroll","background-type":"","background-media":"","overlay-type":"","overlay-color":"","overlay-opacity":"","overlay-gradient":""},"mobile":{"background-color":"var(--ast-global-color-5)","background-image":"","background-repeat":"repeat","background-position":"center center","background-size":"auto","background-attachment":"scroll","background-type":"","background-media":"","overlay-type":"","overlay-color":"","overlay-opacity":"","overlay-gradient":""}},"footnotes":""},"categories":[37],"tags":[],"class_list":["post-27181","post","type-post","status-publish","format-standard","has-post-thumbnail","hentry","category-cultura"],"_links":{"self":[{"href":"https:\/\/jornalpacity.com.br\/index.php?rest_route=\/wp\/v2\/posts\/27181","targetHints":{"allow":["GET"]}}],"collection":[{"href":"https:\/\/jornalpacity.com.br\/index.php?rest_route=\/wp\/v2\/posts"}],"about":[{"href":"https:\/\/jornalpacity.com.br\/index.php?rest_route=\/wp\/v2\/types\/post"}],"author":[{"embeddable":true,"href":"https:\/\/jornalpacity.com.br\/index.php?rest_route=\/wp\/v2\/users\/165"}],"replies":[{"embeddable":true,"href":"https:\/\/jornalpacity.com.br\/index.php?rest_route=%2Fwp%2Fv2%2Fcomments&post=27181"}],"version-history":[{"count":0,"href":"https:\/\/jornalpacity.com.br\/index.php?rest_route=\/wp\/v2\/posts\/27181\/revisions"}],"wp:featuredmedia":[{"embeddable":true,"href":"https:\/\/jornalpacity.com.br\/index.php?rest_route=\/wp\/v2\/media\/27182"}],"wp:attachment":[{"href":"https:\/\/jornalpacity.com.br\/index.php?rest_route=%2Fwp%2Fv2%2Fmedia&parent=27181"}],"wp:term":[{"taxonomy":"category","embeddable":true,"href":"https:\/\/jornalpacity.com.br\/index.php?rest_route=%2Fwp%2Fv2%2Fcategories&post=27181"},{"taxonomy":"post_tag","embeddable":true,"href":"https:\/\/jornalpacity.com.br\/index.php?rest_route=%2Fwp%2Fv2%2Ftags&post=27181"}],"curies":[{"name":"wp","href":"https:\/\/api.w.org\/{rel}","templated":true}]}}