{"id":27309,"date":"2026-04-07T13:55:39","date_gmt":"2026-04-07T16:55:39","guid":{"rendered":"https:\/\/jornalpacity.com.br\/?p=27309"},"modified":"2026-04-07T13:55:39","modified_gmt":"2026-04-07T16:55:39","slug":"livros-sobre-bloco-ile-aiye-e-mulheres-no-axe-sao-lancados-em-salvador","status":"publish","type":"post","link":"https:\/\/jornalpacity.com.br\/?p=27309","title":{"rendered":"Livros sobre bloco Il\u00ea Aiy\u00ea e mulheres no Ax\u00e9 s\u00e3o lan\u00e7ados em Salvador"},"content":{"rendered":"<p>Dois livros que resgatam parte importante do cen\u00e1rio musical da Bahia ser\u00e3o lan\u00e7ados nesta ter\u00e7a-feira (7); um fala da import\u00e2ncia das mulheres na constru\u00e7\u00e3o do movimento da Ax\u00e9 Music; e o outro, sobre o legado das composi\u00e7\u00f5es do grupo Il\u00ea Aiy\u00ea, considerado o primeiro bloco afro do pa\u00eds.<img decoding=\"async\" src=\"https:\/\/agenciabrasil.ebc.com.br\/ebc.png?id=1685044&#038;o=rss\"><img decoding=\"async\" src=\"https:\/\/agenciabrasil.ebc.com.br\/ebc.gif?id=1685044&#038;o=rss\"><\/p>\n<p>No livro \u201cFemininAx\u00e9: o ax\u00e9 tem m\u00e1tria e sua voz \u00e9 ancestral\u201d,\u00a0escrito pelo jornalista Carlos Leal em parceria com cantora e pesquisadora\u00a0Carla Visi,\u00a0apresenta um panorama da presen\u00e7a feminina na hist\u00f3ria do Ax\u00e9 Music, nos primeiros dez anos do movimento, entre os anos de 1985 e 1995.<\/p>\n<p>Carla, que tamb\u00e9m esteve durante muitos anos \u00e0 frente de uma das bandas mais importantes da Bahia, a Cheiro de Amor, destaca que o pontap\u00e9 inicial para a obra foi seu trabalho acad\u00eamico de conclus\u00e3o de curso de Jornalismo, pela Universidade Federal da Bahia.<\/p>\n<blockquote>\n<p>&#8220;Tudo isso come\u00e7ou numa pesquisa despretensiosa sobre a origem do ax\u00e9, a origem desse movimento que mudou a cultura, mudou a economia criativa, mudou a m\u00fasica da Bahia. Mas quando visitamos essa hist\u00f3ria, ficamos com uma curiosidade: aonde estavam as mulheres no momento que surge esse movimento?&#8221;<\/p>\n<\/blockquote>\n<p><em>FemininAx\u00e9: o ax\u00e9 tem m\u00e1tria e sua voz \u00e9 ancestral<\/em> ser\u00e1 lan\u00e7ado, \u00e0s 18 horas, no espa\u00e7o Cultural Casa da M\u00e3e, no Rio Vermelho, em Salvador.<\/p>\n<p>Carlos Leal refor\u00e7a que o trabalho documental avan\u00e7a para al\u00e9m das mulheres que brilharam nos palcos e trios da Bahia, nos primeiros anos do Ax\u00e9.\u00a0<\/p>\n<blockquote>\n<p>&#8220;A primeira cantora de trio, a gente sabe; a primeira mulher a descer com trio el\u00e9trico para Barra, a gente sabe; primeira cantora de banda, a primeira cantora de bloco afro.\u00a0 Mas e a\u00ed? Tinha mulher cordeira? Tinha mulher motorista el\u00e9trico? Tinha mulher iluminadora? Tinha minha mulher produtora?\u00a0 E foi isso que n\u00f3s fizemos. Fomos atr\u00e1s dessa hist\u00f3ria, fomos pesquisar, entrevistamos mais de 30 mulheres e fizemos uma mesclagem dos textos de Carla Visi, do TCC, com nossa pesquisa&#8221;.<\/p>\n<\/blockquote>\n<p>A outra obra documental que fala sobre o legado musical produzido na Bahia \u00e9 o livro \u201c<em>Cantos de Ancestralidade &#8211; Antologia Musical do Il\u00ea Aiy\u00ea<\/em>\u201d.\u00a0 A publica\u00e7\u00e3o do Instituto da Mulher Negra M\u00e3e Hilda Jitolu foi organizada pela jornalista Val\u00e9ria Lima, neta de M\u00e3e Hilda\u00a0a partir da pesquisa de Catarina Lima e faz um apanhado das mais de 200 composi\u00e7\u00f5es do repert\u00f3rio do bloco.\u00a0<\/p>\n<p>O livro ser\u00e1 adotado como apoio did\u00e1tico\u00a0para educa\u00e7\u00e3o antirracista nas escolas.<\/p>\n<p><em>Cantos de Ancestralidade &#8211; Antologia Musical do Il\u00ea Aiy\u00ea<\/em> ser\u00e1 lan\u00e7ado logo mais, \u00e0s 14h, na Senzala do Barro Preto, no Curuzu, tamb\u00e9m na capital baiana.<\/p>\n<p>  <span class=\"hms hms-format-m-ss\">3:02<\/span><\/p>\n","protected":false},"excerpt":{"rendered":"<p>Dois livros que resgatam parte importante do cen\u00e1rio musical da Bahia ser\u00e3o lan\u00e7ados nesta ter\u00e7a-feira (7); um fala da import\u00e2ncia das mulheres na constru\u00e7\u00e3o do movimento da Ax\u00e9 Music; e o outro, sobre o legado das composi\u00e7\u00f5es do grupo Il\u00ea Aiy\u00ea, considerado o primeiro bloco afro do pa\u00eds. No livro \u201cFemininAx\u00e9: o ax\u00e9 tem m\u00e1tria [&hellip;]<\/p>\n","protected":false},"author":175,"featured_media":27310,"comment_status":"open","ping_status":"open","sticky":false,"template":"","format":"standard","meta":{"site-sidebar-layout":"default","site-content-layout":"","ast-site-content-layout":"default","site-content-style":"default","site-sidebar-style":"default","ast-global-header-display":"","ast-banner-title-visibility":"","ast-main-header-display":"","ast-hfb-above-header-display":"","ast-hfb-below-header-display":"","ast-hfb-mobile-header-display":"","site-post-title":"","ast-breadcrumbs-content":"","ast-featured-img":"","footer-sml-layout":"","ast-disable-related-posts":"","theme-transparent-header-meta":"","adv-header-id-meta":"","stick-header-meta":"","header-above-stick-meta":"","header-main-stick-meta":"","header-below-stick-meta":"","astra-migrate-meta-layouts":"default","ast-page-background-enabled":"default","ast-page-background-meta":{"desktop":{"background-color":"var(--ast-global-color-4)","background-image":"","background-repeat":"repeat","background-position":"center center","background-size":"auto","background-attachment":"scroll","background-type":"","background-media":"","overlay-type":"","overlay-color":"","overlay-opacity":"","overlay-gradient":""},"tablet":{"background-color":"","background-image":"","background-repeat":"repeat","background-position":"center center","background-size":"auto","background-attachment":"scroll","background-type":"","background-media":"","overlay-type":"","overlay-color":"","overlay-opacity":"","overlay-gradient":""},"mobile":{"background-color":"","background-image":"","background-repeat":"repeat","background-position":"center center","background-size":"auto","background-attachment":"scroll","background-type":"","background-media":"","overlay-type":"","overlay-color":"","overlay-opacity":"","overlay-gradient":""}},"ast-content-background-meta":{"desktop":{"background-color":"var(--ast-global-color-5)","background-image":"","background-repeat":"repeat","background-position":"center center","background-size":"auto","background-attachment":"scroll","background-type":"","background-media":"","overlay-type":"","overlay-color":"","overlay-opacity":"","overlay-gradient":""},"tablet":{"background-color":"var(--ast-global-color-5)","background-image":"","background-repeat":"repeat","background-position":"center center","background-size":"auto","background-attachment":"scroll","background-type":"","background-media":"","overlay-type":"","overlay-color":"","overlay-opacity":"","overlay-gradient":""},"mobile":{"background-color":"var(--ast-global-color-5)","background-image":"","background-repeat":"repeat","background-position":"center center","background-size":"auto","background-attachment":"scroll","background-type":"","background-media":"","overlay-type":"","overlay-color":"","overlay-opacity":"","overlay-gradient":""}},"footnotes":""},"categories":[37],"tags":[],"class_list":["post-27309","post","type-post","status-publish","format-standard","has-post-thumbnail","hentry","category-cultura"],"_links":{"self":[{"href":"https:\/\/jornalpacity.com.br\/index.php?rest_route=\/wp\/v2\/posts\/27309","targetHints":{"allow":["GET"]}}],"collection":[{"href":"https:\/\/jornalpacity.com.br\/index.php?rest_route=\/wp\/v2\/posts"}],"about":[{"href":"https:\/\/jornalpacity.com.br\/index.php?rest_route=\/wp\/v2\/types\/post"}],"author":[{"embeddable":true,"href":"https:\/\/jornalpacity.com.br\/index.php?rest_route=\/wp\/v2\/users\/175"}],"replies":[{"embeddable":true,"href":"https:\/\/jornalpacity.com.br\/index.php?rest_route=%2Fwp%2Fv2%2Fcomments&post=27309"}],"version-history":[{"count":0,"href":"https:\/\/jornalpacity.com.br\/index.php?rest_route=\/wp\/v2\/posts\/27309\/revisions"}],"wp:featuredmedia":[{"embeddable":true,"href":"https:\/\/jornalpacity.com.br\/index.php?rest_route=\/wp\/v2\/media\/27310"}],"wp:attachment":[{"href":"https:\/\/jornalpacity.com.br\/index.php?rest_route=%2Fwp%2Fv2%2Fmedia&parent=27309"}],"wp:term":[{"taxonomy":"category","embeddable":true,"href":"https:\/\/jornalpacity.com.br\/index.php?rest_route=%2Fwp%2Fv2%2Fcategories&post=27309"},{"taxonomy":"post_tag","embeddable":true,"href":"https:\/\/jornalpacity.com.br\/index.php?rest_route=%2Fwp%2Fv2%2Ftags&post=27309"}],"curies":[{"name":"wp","href":"https:\/\/api.w.org\/{rel}","templated":true}]}}