{"id":27373,"date":"2026-04-08T11:54:31","date_gmt":"2026-04-08T14:54:31","guid":{"rendered":"https:\/\/jornalpacity.com.br\/?p=27373"},"modified":"2026-04-08T11:54:31","modified_gmt":"2026-04-08T14:54:31","slug":"campos-neto-falta-a-cpi-do-crime-organizado-pela-terceira-vez","status":"publish","type":"post","link":"https:\/\/jornalpacity.com.br\/?p=27373","title":{"rendered":"Campos Neto falta \u00e0 CPI do Crime Organizado pela terceira\u00a0vez"},"content":{"rendered":"<\/p>\n<p><a class=\"\" href=\"https:\/\/agenciabrasil.ebc.com.br\/politica\/noticia\/2026-04\/campos-neto-falta-cpi-do-crime-organizado-pela-3a-vez\"><br \/>\n                    <img decoding=\"async\" src=\"https:\/\/cdn.jsdelivr.net\/gh\/sergiosdlima\/assets-ebc@1.0.0\/abr\/assets\/images\/logo-agenciabrasil.svg\" alt=\"Logo Ag\u00eancia Brasil\"><br \/>\n\t\t\t\t<\/a><\/p>\n<p><strong>O ex-presidente do <a href=\"https:\/\/www.bcb.gov.br\/\" target=\"_blank\">Banco Central (BC)<\/a>, Roberto Campos Neto, <a href=\"https:\/\/agenciabrasil.ebc.com.br\/politica\/noticia\/2026-03\/cpi-do-crime-organizado-convoca-ibaneis-claudio-castro-e-campos-neto\" target=\"_blank\">n\u00e3o compareceu \u00e0 reuni\u00e3o<\/a> da Comiss\u00e3o Parlamentar de Inqu\u00e9rito (CPI) do Crime Organizado, do<a href=\"http:\/\/www12.senado.leg.br\/hpsenado\" target=\"_blank\"> Senado<\/a>, nesta quarta-feira (8).<\/strong><img decoding=\"async\" src=\"https:\/\/agenciabrasil.ebc.com.br\/ebc.png?id=1685222&#038;o=rss\"><img decoding=\"async\" src=\"https:\/\/agenciabrasil.ebc.com.br\/ebc.gif?id=1685222&#038;o=rss\"><\/p>\n<p>Convocado na condi\u00e7\u00e3o de testemunha qualificada, por seu conhecimento t\u00e9cnico,\u00a0Neto faltou ao depoimento ap\u00f3s seus advogados comunicarem ao\u00a0colegiado que a obrigatoriedade de sua presen\u00e7a violaria decis\u00e3o do <a href=\"https:\/\/portal.stf.jus.br\/\" target=\"_blank\">Supremo Tribunal Federal (STF)<\/a>.<\/p>\n<\/p>\n<h3>Not\u00edcias relacionadas:<\/h3>\n<ul>\n<li><a href=\"https:\/\/agenciabrasil.ebc.com.br\/politica\/noticia\/2026-03\/cpi-do-crime-organizado-convoca-ibaneis-claudio-castro-e-campos-neto\">CPI do Crime Organizado convoca Ibaneis, Cl\u00e1udio Castro e Campos Neto.<\/a><\/li>\n<li><a href=\"https:\/\/agenciabrasil.ebc.com.br\/politica\/noticia\/2026-02\/caso-master-cpi-do-crime-convoca-vorcaro-campos-neto-e-paulo-guedes\">Caso Master: CPI do Crime convoca Vorcaro, Campos Neto e Paulo Guedes.<\/a><\/li>\n<li><a href=\"https:\/\/agenciabrasil.ebc.com.br\/economia\/noticia\/2024-12\/campos-neto-exalta-passagem-de-comando-no-banco-central\">Campos Neto exalta passagem de comando no Banco Central.<\/a><\/li>\n<\/ul>\n<p><strong>Esta \u00e9 a terceira tentativa frustrada da comiss\u00e3o de ouvir o economista<\/strong>, que presidiu o BC entre 2019 e 2024. Segundo o presidente do colegiado, senador Fabiano Contarato (PT-ES), Neto foi, inicialmente convidado, depois, convocado, por ter condi\u00e7\u00f5es de contribuir, de forma relevante, para os trabalhos da CPI, criada para apurar a atua\u00e7\u00e3o, expans\u00e3o e o funcionamento de fac\u00e7\u00f5es criminosas no Brasil.<\/p>\n<p><strong>A primeira tentativa da CPI de ouvir Neto ocorreu\u00a0em 3 de mar\u00e7o<\/strong>, quando o ministro Andr\u00e9 Mendon\u00e7a, do Supremo Tribunal Federal (STF), transformou a convoca\u00e7\u00e3o em convite, tornando facultativa a participa\u00e7\u00e3o do ex-presidente do BC na reuni\u00e3o.<\/p>\n<p>O colegiado insistiu no convite para que Neto<a href=\"https:\/\/agenciabrasil.ebc.com.br\/politica\/noticia\/2026-03\/cpi-do-crime-organizado-convoca-ibaneis-claudio-castro-e-campos-neto\" target=\"_blank\"> participasse da reuni\u00e3o de 31 de mar\u00e7o<\/a>. Diante da recusa do economista,<strong> o colegiado aprovou, na mesma data, a convoca\u00e7\u00e3o de Neto para a reuni\u00e3o de hoje<\/strong> \u2013 na qual os parlamentares est\u00e3o ouvindo o depoimento do atual presidente do Banco Central, Gabriel Gal\u00edpolo.<\/p>\n<p>A convoca\u00e7\u00e3o, pela CPI, torna obrigat\u00f3ria a presen\u00e7a de qualquer pessoa. <strong>Os membros da comiss\u00e3o agora avaliam as medidas a serem tomadas em curto espa\u00e7o de tempo, pois o presidente do Senado, Davi Alcolumbre (Uni\u00e3o-AP) <a href=\"https:\/\/agenciabrasil.ebc.com.br\/politica\/noticia\/2026-04\/cpi-do-crime-organizado-nao-sera-prorrogada-confirma-relator\" target=\"_blank\">decidiu n\u00e3o prorrogar <\/a>os trabalhos da CPI, mantendo como limite o dia 14.<\/strong><br \/>\n\u00a0<\/p>\n","protected":false},"excerpt":{"rendered":"<p>O ex-presidente do Banco Central (BC), Roberto Campos Neto, n\u00e3o compareceu \u00e0 reuni\u00e3o da Comiss\u00e3o Parlamentar de Inqu\u00e9rito (CPI) do Crime Organizado, do Senado, nesta quarta-feira (8). Convocado na condi\u00e7\u00e3o de testemunha qualificada, por seu conhecimento t\u00e9cnico,\u00a0Neto faltou ao depoimento ap\u00f3s seus advogados comunicarem ao\u00a0colegiado que a obrigatoriedade de sua presen\u00e7a violaria decis\u00e3o do Supremo [&hellip;]<\/p>\n","protected":false},"author":71,"featured_media":27374,"comment_status":"open","ping_status":"open","sticky":false,"template":"","format":"standard","meta":{"site-sidebar-layout":"default","site-content-layout":"","ast-site-content-layout":"default","site-content-style":"default","site-sidebar-style":"default","ast-global-header-display":"","ast-banner-title-visibility":"","ast-main-header-display":"","ast-hfb-above-header-display":"","ast-hfb-below-header-display":"","ast-hfb-mobile-header-display":"","site-post-title":"","ast-breadcrumbs-content":"","ast-featured-img":"","footer-sml-layout":"","ast-disable-related-posts":"","theme-transparent-header-meta":"","adv-header-id-meta":"","stick-header-meta":"","header-above-stick-meta":"","header-main-stick-meta":"","header-below-stick-meta":"","astra-migrate-meta-layouts":"default","ast-page-background-enabled":"default","ast-page-background-meta":{"desktop":{"background-color":"var(--ast-global-color-4)","background-image":"","background-repeat":"repeat","background-position":"center center","background-size":"auto","background-attachment":"scroll","background-type":"","background-media":"","overlay-type":"","overlay-color":"","overlay-opacity":"","overlay-gradient":""},"tablet":{"background-color":"","background-image":"","background-repeat":"repeat","background-position":"center center","background-size":"auto","background-attachment":"scroll","background-type":"","background-media":"","overlay-type":"","overlay-color":"","overlay-opacity":"","overlay-gradient":""},"mobile":{"background-color":"","background-image":"","background-repeat":"repeat","background-position":"center center","background-size":"auto","background-attachment":"scroll","background-type":"","background-media":"","overlay-type":"","overlay-color":"","overlay-opacity":"","overlay-gradient":""}},"ast-content-background-meta":{"desktop":{"background-color":"var(--ast-global-color-5)","background-image":"","background-repeat":"repeat","background-position":"center center","background-size":"auto","background-attachment":"scroll","background-type":"","background-media":"","overlay-type":"","overlay-color":"","overlay-opacity":"","overlay-gradient":""},"tablet":{"background-color":"var(--ast-global-color-5)","background-image":"","background-repeat":"repeat","background-position":"center center","background-size":"auto","background-attachment":"scroll","background-type":"","background-media":"","overlay-type":"","overlay-color":"","overlay-opacity":"","overlay-gradient":""},"mobile":{"background-color":"var(--ast-global-color-5)","background-image":"","background-repeat":"repeat","background-position":"center center","background-size":"auto","background-attachment":"scroll","background-type":"","background-media":"","overlay-type":"","overlay-color":"","overlay-opacity":"","overlay-gradient":""}},"footnotes":""},"categories":[4],"tags":[],"class_list":["post-27373","post","type-post","status-publish","format-standard","has-post-thumbnail","hentry","category-politica"],"_links":{"self":[{"href":"https:\/\/jornalpacity.com.br\/index.php?rest_route=\/wp\/v2\/posts\/27373","targetHints":{"allow":["GET"]}}],"collection":[{"href":"https:\/\/jornalpacity.com.br\/index.php?rest_route=\/wp\/v2\/posts"}],"about":[{"href":"https:\/\/jornalpacity.com.br\/index.php?rest_route=\/wp\/v2\/types\/post"}],"author":[{"embeddable":true,"href":"https:\/\/jornalpacity.com.br\/index.php?rest_route=\/wp\/v2\/users\/71"}],"replies":[{"embeddable":true,"href":"https:\/\/jornalpacity.com.br\/index.php?rest_route=%2Fwp%2Fv2%2Fcomments&post=27373"}],"version-history":[{"count":0,"href":"https:\/\/jornalpacity.com.br\/index.php?rest_route=\/wp\/v2\/posts\/27373\/revisions"}],"wp:featuredmedia":[{"embeddable":true,"href":"https:\/\/jornalpacity.com.br\/index.php?rest_route=\/wp\/v2\/media\/27374"}],"wp:attachment":[{"href":"https:\/\/jornalpacity.com.br\/index.php?rest_route=%2Fwp%2Fv2%2Fmedia&parent=27373"}],"wp:term":[{"taxonomy":"category","embeddable":true,"href":"https:\/\/jornalpacity.com.br\/index.php?rest_route=%2Fwp%2Fv2%2Fcategories&post=27373"},{"taxonomy":"post_tag","embeddable":true,"href":"https:\/\/jornalpacity.com.br\/index.php?rest_route=%2Fwp%2Fv2%2Ftags&post=27373"}],"curies":[{"name":"wp","href":"https:\/\/api.w.org\/{rel}","templated":true}]}}