{"id":27377,"date":"2026-04-08T11:54:46","date_gmt":"2026-04-08T14:54:46","guid":{"rendered":"https:\/\/jornalpacity.com.br\/?p=27377"},"modified":"2026-04-08T11:54:46","modified_gmt":"2026-04-08T14:54:46","slug":"incendio-atinge-velodromo-do-parque-olimpico-no-rio","status":"publish","type":"post","link":"https:\/\/jornalpacity.com.br\/?p=27377","title":{"rendered":"Inc\u00eandio atinge Vel\u00f3dromo do Parque Ol\u00edmpico no Rio"},"content":{"rendered":"<p><strong>Um inc\u00eandio iniciado na\u00a0madrugada desta quarta-feira (8) atingiu o Vel\u00f3dromo do Parque Ol\u00edmpico, na Avenida Embaixador Abelardo Bueno, Barra da Tijuca, zona sudoeste do Rio. O fogo j\u00e1 foi controlado e afetou principalmente o teto.<\/strong><img decoding=\"async\" src=\"https:\/\/agenciabrasil.ebc.com.br\/ebc.png?id=1685172&#038;o=rss\"><img decoding=\"async\" src=\"https:\/\/agenciabrasil.ebc.com.br\/ebc.gif?id=1685172&#038;o=rss\"><\/p>\n<p>Segundo o Corpo de Bombeiros Militar do Estado do Rio de Janeiro, <strong>n\u00e3o h\u00e1 registro de v\u00edtimas.<\/strong><\/p>\n<p>A opera\u00e7\u00e3o conta com cerca de 60 bombeiros militares, de seis unidades, com apoio de mais de 20 viaturas e equipes especializadas.<\/p>\n<p>A prefeitura do Rio informou que n\u00e3o h\u00e1 bloqueios nas vias do entorno.<\/p>\n<p><a href=\"https:\/\/www.whatsapp.com\/channel\/0029VaoRTgrInlqYLSk59B2M\" target=\"_blank\">>> Siga o canal da <strong>Ag\u00eancia Brasil <\/strong>no WhatsApp<\/a><\/p>\n<p><strong>O vel\u00f3dromo abriga desde agosto do ano passado o <a href=\"https:\/\/agenciabrasil.ebc.com.br\/cultura\/noticia\/2025-08\/novo-museu-no-rio-relembra-jogos-olimpicos-de-2016\" target=\"_blank\">Rio Museu Ol\u00edmpico<\/a> como parte do legado para relembrar os Jogos Ol\u00edmpicos de 2016.<\/strong><\/p>\n<p>A instala\u00e7\u00e3o \u00e9 moderna e oferece uma experi\u00eancia imersiva para os visitantes, foi erguido no andar superior do vel\u00f3dromo em uma \u00e1rea de cerca de 1,7 mil metros quadrados. O acervo do espa\u00e7o tem mil pe\u00e7as instaladas em 13 \u00e1reas tem\u00e1ticas.<\/p>\n<p>De acordo com o secret\u00e1rio de Defesa Civil do estado do Rio, coronel Tarciso Salles, a prioridade foi evitar que o inc\u00eandio se alastrasse para outras \u00e1reas do complexo, sendo poss\u00edvel preservar o museu e o interior da edifica\u00e7\u00e3o. As chamas atingiram apenas a cobertura da estrutura. As causas ainda ser\u00e3o apuradas.\u00a0<\/p>\n<p><em>Mat\u00e9ria atualizada \u00e0s 9h40 para incluir informa\u00e7\u00e3o do secret\u00e1rio de Defesa Civil.<\/em><\/p>\n","protected":false},"excerpt":{"rendered":"<p>Um inc\u00eandio iniciado na\u00a0madrugada desta quarta-feira (8) atingiu o Vel\u00f3dromo do Parque Ol\u00edmpico, na Avenida Embaixador Abelardo Bueno, Barra da Tijuca, zona sudoeste do Rio. O fogo j\u00e1 foi controlado e afetou principalmente o teto. Segundo o Corpo de Bombeiros Militar do Estado do Rio de Janeiro, n\u00e3o h\u00e1 registro de v\u00edtimas. A opera\u00e7\u00e3o conta [&hellip;]<\/p>\n","protected":false},"author":1,"featured_media":27378,"comment_status":"open","ping_status":"open","sticky":false,"template":"","format":"standard","meta":{"site-sidebar-layout":"default","site-content-layout":"","ast-site-content-layout":"default","site-content-style":"default","site-sidebar-style":"default","ast-global-header-display":"","ast-banner-title-visibility":"","ast-main-header-display":"","ast-hfb-above-header-display":"","ast-hfb-below-header-display":"","ast-hfb-mobile-header-display":"","site-post-title":"","ast-breadcrumbs-content":"","ast-featured-img":"","footer-sml-layout":"","ast-disable-related-posts":"","theme-transparent-header-meta":"","adv-header-id-meta":"","stick-header-meta":"","header-above-stick-meta":"","header-main-stick-meta":"","header-below-stick-meta":"","astra-migrate-meta-layouts":"default","ast-page-background-enabled":"default","ast-page-background-meta":{"desktop":{"background-color":"var(--ast-global-color-4)","background-image":"","background-repeat":"repeat","background-position":"center center","background-size":"auto","background-attachment":"scroll","background-type":"","background-media":"","overlay-type":"","overlay-color":"","overlay-opacity":"","overlay-gradient":""},"tablet":{"background-color":"","background-image":"","background-repeat":"repeat","background-position":"center center","background-size":"auto","background-attachment":"scroll","background-type":"","background-media":"","overlay-type":"","overlay-color":"","overlay-opacity":"","overlay-gradient":""},"mobile":{"background-color":"","background-image":"","background-repeat":"repeat","background-position":"center center","background-size":"auto","background-attachment":"scroll","background-type":"","background-media":"","overlay-type":"","overlay-color":"","overlay-opacity":"","overlay-gradient":""}},"ast-content-background-meta":{"desktop":{"background-color":"var(--ast-global-color-5)","background-image":"","background-repeat":"repeat","background-position":"center center","background-size":"auto","background-attachment":"scroll","background-type":"","background-media":"","overlay-type":"","overlay-color":"","overlay-opacity":"","overlay-gradient":""},"tablet":{"background-color":"var(--ast-global-color-5)","background-image":"","background-repeat":"repeat","background-position":"center center","background-size":"auto","background-attachment":"scroll","background-type":"","background-media":"","overlay-type":"","overlay-color":"","overlay-opacity":"","overlay-gradient":""},"mobile":{"background-color":"var(--ast-global-color-5)","background-image":"","background-repeat":"repeat","background-position":"center center","background-size":"auto","background-attachment":"scroll","background-type":"","background-media":"","overlay-type":"","overlay-color":"","overlay-opacity":"","overlay-gradient":""}},"footnotes":""},"categories":[1],"tags":[],"class_list":["post-27377","post","type-post","status-publish","format-standard","has-post-thumbnail","hentry","category-sem-categoria"],"_links":{"self":[{"href":"https:\/\/jornalpacity.com.br\/index.php?rest_route=\/wp\/v2\/posts\/27377","targetHints":{"allow":["GET"]}}],"collection":[{"href":"https:\/\/jornalpacity.com.br\/index.php?rest_route=\/wp\/v2\/posts"}],"about":[{"href":"https:\/\/jornalpacity.com.br\/index.php?rest_route=\/wp\/v2\/types\/post"}],"author":[{"embeddable":true,"href":"https:\/\/jornalpacity.com.br\/index.php?rest_route=\/wp\/v2\/users\/1"}],"replies":[{"embeddable":true,"href":"https:\/\/jornalpacity.com.br\/index.php?rest_route=%2Fwp%2Fv2%2Fcomments&post=27377"}],"version-history":[{"count":0,"href":"https:\/\/jornalpacity.com.br\/index.php?rest_route=\/wp\/v2\/posts\/27377\/revisions"}],"wp:featuredmedia":[{"embeddable":true,"href":"https:\/\/jornalpacity.com.br\/index.php?rest_route=\/wp\/v2\/media\/27378"}],"wp:attachment":[{"href":"https:\/\/jornalpacity.com.br\/index.php?rest_route=%2Fwp%2Fv2%2Fmedia&parent=27377"}],"wp:term":[{"taxonomy":"category","embeddable":true,"href":"https:\/\/jornalpacity.com.br\/index.php?rest_route=%2Fwp%2Fv2%2Fcategories&post=27377"},{"taxonomy":"post_tag","embeddable":true,"href":"https:\/\/jornalpacity.com.br\/index.php?rest_route=%2Fwp%2Fv2%2Ftags&post=27377"}],"curies":[{"name":"wp","href":"https:\/\/api.w.org\/{rel}","templated":true}]}}