{"id":27401,"date":"2026-04-08T16:54:21","date_gmt":"2026-04-08T19:54:21","guid":{"rendered":"https:\/\/jornalpacity.com.br\/?p=27401"},"modified":"2026-04-08T16:54:21","modified_gmt":"2026-04-08T19:54:21","slug":"correios-plano-de-demissao-voluntaria-tem-adesao-de-30-da-meta","status":"publish","type":"post","link":"https:\/\/jornalpacity.com.br\/?p=27401","title":{"rendered":"Correios: Plano de Demiss\u00e3o Volunt\u00e1ria tem ades\u00e3o de 30% da meta"},"content":{"rendered":"<\/p>\n<p><a class=\"\" href=\"https:\/\/agenciabrasil.ebc.com.br\/economia\/noticia\/2026-04\/correios-plano-de-demissao-voluntaria-tem-adesao-de-30-da-meta\"><br \/>\n                    <img decoding=\"async\" src=\"https:\/\/cdn.jsdelivr.net\/gh\/sergiosdlima\/assets-ebc@1.0.0\/abr\/assets\/images\/logo-agenciabrasil.svg\" alt=\"Logo Ag\u00eancia Brasil\"><br \/>\n\t\t\t\t<\/a><\/p>\n<p><strong>Um total de 3.075 empregados dos Correios aderiram ao Plano de Demiss\u00e3o Volunt\u00e1ria (PDV) de 2026 da estatal. O n\u00famero representa 30,7% do p\u00fablico alvo &#8211; a proje\u00e7\u00e3o inicial da empresa era de que 10 mil profissionais pedissem o desligamento neste ano.\u00a0<\/strong><img decoding=\"async\" src=\"https:\/\/agenciabrasil.ebc.com.br\/ebc.png?id=1685260&#038;o=rss\"><img decoding=\"async\" src=\"https:\/\/agenciabrasil.ebc.com.br\/ebc.gif?id=1685260&#038;o=rss\"><\/p>\n<p>O prazo de ades\u00e3o terminou nesta ter\u00e7a-feira (8) e n\u00e3o ser\u00e1 prorrogado pela empresa. Com esse balan\u00e7o, a estatal projeta uma\u00a0economia de cerca de R$ 1,4 bilh\u00e3o j\u00e1 em 2027.<\/p>\n<h2>Plano de Reestrutura\u00e7\u00e3o<\/h2>\n<\/p>\n<h3>Not\u00edcias relacionadas:<\/h3>\n<ul>\n<li><a href=\"https:\/\/agenciabrasil.ebc.com.br\/geral\/noticia\/2026-03\/em-reestruturacao-correios-anunciam-escala-12x36-em-alguns-setores\">Em reestrutura\u00e7\u00e3o, Correios anunciam escala 12&#215;36 em alguns setores.<\/a><\/li>\n<li><a href=\"https:\/\/agenciabrasil.ebc.com.br\/economia\/noticia\/2026-02\/cmn-autoriza-novo-emprestimo-de-r-8-bi-aos-correios\">CMN autoriza novo empr\u00e9stimo aos Correios, no valor de R$ 8 bilh\u00f5es.<\/a><\/li>\n<li><a href=\"https:\/\/agenciabrasil.ebc.com.br\/economia\/noticia\/2026-02\/correios-colocam-21-imoveis-venda-em-11-estados\">Correios colocam 21 im\u00f3veis \u00e0 venda em 11 estados.<\/a><\/li>\n<\/ul>\n<p>O PDV \u00e9 uma das a\u00e7\u00f5es do Plano de Reestrutura\u00e7\u00e3o dos Correios 2025\u20132027, voltado \u00e0 recupera\u00e7\u00e3o da sustentabilidade financeira, otimiza\u00e7\u00e3o da rede operacional, efici\u00eancia log\u00edstica da empresa e ao reposicionamento competitivo da estatal.\u00a0<\/p>\n<p>A expectativa dos Correios \u00e9 a de que o PDV,\u00a0 somado a outras medidas implementadas no primeiro trimestre, gerar\u00e1 uma economia adicional de R$ 508 milh\u00f5es anuais.<\/p>\n<p>Em dezembro do ano passado, a empresa p\u00fablica conseguiu um <a href=\"https:\/\/agenciabrasil.ebc.com.br\/economia\/noticia\/2025-12\/dou-publica-extrato-de-emprestimo-de-r-12-bilhoes-para-os-correios\" target=\"_blank\">empr\u00e9stimo de R$ 12 bilh\u00f5es<\/a> para financiar a reestrutura\u00e7\u00e3o. \u00c0 \u00e9poca, a institui\u00e7\u00e3o projetou redu\u00e7\u00e3o de R$ 5 bilh\u00f5es em despesas at\u00e9 2028.<\/p>\n<p><a href=\"https:\/\/www.whatsapp.com\/channel\/0029VaoRTgrInlqYLSk59B2M\" target=\"_blank\">>> Siga o canal da <strong>Ag\u00eancia Brasil<\/strong> no WhatsApp<\/a><\/p>\n<h2>Leil\u00f5es de im\u00f3veis<\/h2>\n<p><strong>No plano de reestrutura\u00e7\u00e3o, a previs\u00e3o \u00e9 fechar 16% das ag\u00eancias da companhia, o que representa cerca de <a href=\"https:\/\/agenciabrasil.ebc.com.br\/economia\/noticia\/2026-01\/correios-reabrem-inscricao-para-plano-de-desligamento-voluntario\" target=\"_blank\">1 mil das 6 mil unidades pr\u00f3prias, em todo o pa\u00eds<\/a>.<\/strong><\/p>\n<p>A estimativa da dire\u00e7\u00e3o da estatal \u00e9 de que os leil\u00f5es reduzam os custos de manuten\u00e7\u00e3o dos im\u00f3veis ociosos e arrecadem at\u00e9 R$ 1,5 bilh\u00e3o para investimento.<\/p>\n<p>Em fevereiro, os Correios realizaram o primeiro leil\u00e3o de im\u00f3veis pr\u00f3prios. A oferta inicial abrangeu 21 im\u00f3veis para venda imediata, localizados em 11 estados.<\/p>\n<h2>Crise postal<\/h2>\n<p>Os Correios enfrentam uma crise financeira. O diagn\u00f3stico nas contas da empresa\u00a0identificou d\u00e9ficit estrutural superior a R$ 4 bilh\u00f5es anuais, patrim\u00f4nio l\u00edquido negativo de R$ 10,4 bilh\u00f5es e preju\u00edzo acumulado de R$ 6,057 bilh\u00f5es at\u00e9 setembro de 2025. Ainda n\u00e3o h\u00e1 um n\u00famero fechado em rela\u00e7\u00e3o ao saldo do ano.<\/p>\n<p>Segundo a dire\u00e7\u00e3o da companhia, a crise vem desde 2016, motivada pelas mudan\u00e7as no mercado postal em raz\u00e3o da digitaliza\u00e7\u00e3o das comunica\u00e7\u00f5es, que substituiu as cartas, reduzindo a principal fonte de receita da empresa.<\/p>\n<p>A estatal tamb\u00e9m atribui as dificuldades financeiras \u00e0 entrada de novos competidores no com\u00e9rcio eletr\u00f4nico como um dos motivos da atual crise do setor.<\/p>\n<h2>Estrutura<\/h2>\n<p>Os Correios est\u00e3o presentes em 100% dos munic\u00edpios brasileiros. Atualmente, a estrutura da empresa conta com 10,3 mil unidades de atendimento, considerando ag\u00eancias pr\u00f3prias e pontos de parceria.<\/p>\n<p>H\u00e1 ainda 1,1 mil unidades de distribui\u00e7\u00e3o e tratamento, que s\u00e3o os centros log\u00edsticos onde as encomendas e cartas s\u00e3o processadas, ap\u00f3s a postagem e antes da entrega final. S\u00e3o 80 mil empregados diretos.\u00a0<\/p>\n<p>Os servi\u00e7os realizados pelos Correios s\u00e3o variados e v\u00e3o desde a entrega de cartas e encomendas at\u00e9 a distribui\u00e7\u00e3o das provas do Enem simultaneamente em todo o territ\u00f3rio. Tamb\u00e9m \u00e9 de responsabilidade dos Correios a entrega de urnas eletr\u00f4nicas em locais de\u00a0dif\u00edcil acesso nas elei\u00e7\u00f5es, al\u00e9m da distribui\u00e7\u00e3o de mantimentos e outros artigos em situa\u00e7\u00f5es de calamidade, como enchentes.\u00a0<\/p>\n","protected":false},"excerpt":{"rendered":"<p>Um total de 3.075 empregados dos Correios aderiram ao Plano de Demiss\u00e3o Volunt\u00e1ria (PDV) de 2026 da estatal. O n\u00famero representa 30,7% do p\u00fablico alvo &#8211; a proje\u00e7\u00e3o inicial da empresa era de que 10 mil profissionais pedissem o desligamento neste ano.\u00a0 O prazo de ades\u00e3o terminou nesta ter\u00e7a-feira (8) e n\u00e3o ser\u00e1 prorrogado pela [&hellip;]<\/p>\n","protected":false},"author":11,"featured_media":27402,"comment_status":"open","ping_status":"open","sticky":false,"template":"","format":"standard","meta":{"site-sidebar-layout":"default","site-content-layout":"","ast-site-content-layout":"default","site-content-style":"default","site-sidebar-style":"default","ast-global-header-display":"","ast-banner-title-visibility":"","ast-main-header-display":"","ast-hfb-above-header-display":"","ast-hfb-below-header-display":"","ast-hfb-mobile-header-display":"","site-post-title":"","ast-breadcrumbs-content":"","ast-featured-img":"","footer-sml-layout":"","ast-disable-related-posts":"","theme-transparent-header-meta":"","adv-header-id-meta":"","stick-header-meta":"","header-above-stick-meta":"","header-main-stick-meta":"","header-below-stick-meta":"","astra-migrate-meta-layouts":"default","ast-page-background-enabled":"default","ast-page-background-meta":{"desktop":{"background-color":"var(--ast-global-color-4)","background-image":"","background-repeat":"repeat","background-position":"center center","background-size":"auto","background-attachment":"scroll","background-type":"","background-media":"","overlay-type":"","overlay-color":"","overlay-opacity":"","overlay-gradient":""},"tablet":{"background-color":"","background-image":"","background-repeat":"repeat","background-position":"center center","background-size":"auto","background-attachment":"scroll","background-type":"","background-media":"","overlay-type":"","overlay-color":"","overlay-opacity":"","overlay-gradient":""},"mobile":{"background-color":"","background-image":"","background-repeat":"repeat","background-position":"center center","background-size":"auto","background-attachment":"scroll","background-type":"","background-media":"","overlay-type":"","overlay-color":"","overlay-opacity":"","overlay-gradient":""}},"ast-content-background-meta":{"desktop":{"background-color":"var(--ast-global-color-5)","background-image":"","background-repeat":"repeat","background-position":"center center","background-size":"auto","background-attachment":"scroll","background-type":"","background-media":"","overlay-type":"","overlay-color":"","overlay-opacity":"","overlay-gradient":""},"tablet":{"background-color":"var(--ast-global-color-5)","background-image":"","background-repeat":"repeat","background-position":"center center","background-size":"auto","background-attachment":"scroll","background-type":"","background-media":"","overlay-type":"","overlay-color":"","overlay-opacity":"","overlay-gradient":""},"mobile":{"background-color":"var(--ast-global-color-5)","background-image":"","background-repeat":"repeat","background-position":"center center","background-size":"auto","background-attachment":"scroll","background-type":"","background-media":"","overlay-type":"","overlay-color":"","overlay-opacity":"","overlay-gradient":""}},"footnotes":""},"categories":[46],"tags":[],"class_list":["post-27401","post","type-post","status-publish","format-standard","has-post-thumbnail","hentry","category-economia"],"_links":{"self":[{"href":"https:\/\/jornalpacity.com.br\/index.php?rest_route=\/wp\/v2\/posts\/27401","targetHints":{"allow":["GET"]}}],"collection":[{"href":"https:\/\/jornalpacity.com.br\/index.php?rest_route=\/wp\/v2\/posts"}],"about":[{"href":"https:\/\/jornalpacity.com.br\/index.php?rest_route=\/wp\/v2\/types\/post"}],"author":[{"embeddable":true,"href":"https:\/\/jornalpacity.com.br\/index.php?rest_route=\/wp\/v2\/users\/11"}],"replies":[{"embeddable":true,"href":"https:\/\/jornalpacity.com.br\/index.php?rest_route=%2Fwp%2Fv2%2Fcomments&post=27401"}],"version-history":[{"count":0,"href":"https:\/\/jornalpacity.com.br\/index.php?rest_route=\/wp\/v2\/posts\/27401\/revisions"}],"wp:featuredmedia":[{"embeddable":true,"href":"https:\/\/jornalpacity.com.br\/index.php?rest_route=\/wp\/v2\/media\/27402"}],"wp:attachment":[{"href":"https:\/\/jornalpacity.com.br\/index.php?rest_route=%2Fwp%2Fv2%2Fmedia&parent=27401"}],"wp:term":[{"taxonomy":"category","embeddable":true,"href":"https:\/\/jornalpacity.com.br\/index.php?rest_route=%2Fwp%2Fv2%2Fcategories&post=27401"},{"taxonomy":"post_tag","embeddable":true,"href":"https:\/\/jornalpacity.com.br\/index.php?rest_route=%2Fwp%2Fv2%2Ftags&post=27401"}],"curies":[{"name":"wp","href":"https:\/\/api.w.org\/{rel}","templated":true}]}}