{"id":27445,"date":"2026-04-09T00:54:40","date_gmt":"2026-04-09T03:54:40","guid":{"rendered":"https:\/\/jornalpacity.com.br\/?p=27445"},"modified":"2026-04-09T00:54:40","modified_gmt":"2026-04-09T03:54:40","slug":"banco-mundial-reduz-previsao-de-crescimento-do-brasil-para-16","status":"publish","type":"post","link":"https:\/\/jornalpacity.com.br\/?p=27445","title":{"rendered":"Banco Mundial reduz previs\u00e3o de crescimento do Brasil para 1,6%"},"content":{"rendered":"<\/p>\n<p><a class=\"\" href=\"https:\/\/agenciabrasil.ebc.com.br\/economia\/noticia\/2026-04\/banco-mundial-reduz-previsao-de-crescimento-do-brasil-para-16\"><br \/>\n                    <img decoding=\"async\" src=\"https:\/\/cdn.jsdelivr.net\/gh\/sergiosdlima\/assets-ebc@1.0.0\/abr\/assets\/images\/logo-agenciabrasil.svg\" alt=\"Logo Ag\u00eancia Brasil\"><br \/>\n\t\t\t\t<\/a><\/p>\n<p>O Banco Mundial revisou para baixo a previs\u00e3o de crescimento da economia brasileira em 2026. <strong>A proje\u00e7\u00e3o de avan\u00e7o do Produto Interno Bruto (PIB, conjunto de bens e servi\u00e7os produzidos) passou de 2% para 1,6%.<\/strong><img decoding=\"async\" src=\"https:\/\/agenciabrasil.ebc.com.br\/ebc.png?id=1685259&#038;o=rss\"><img decoding=\"async\" src=\"https:\/\/agenciabrasil.ebc.com.br\/ebc.gif?id=1685259&#038;o=rss\"><\/p>\n<p><strong>A estimativa consta no <a href=\"https:\/\/openknowledge.worldbank.org\/bitstreams\/c9f0b7a8-197c-428d-b903-e1bfd61fca68\/download\" target=\"_blank\">relat\u00f3rio Panorama Econ\u00f4mico da Am\u00e9rica Latina e o Caribe<\/a>, lan\u00e7ado nesta quarta-feira (8), em Washington, nos Estados Unidos.<\/strong><\/p>\n<\/p>\n<h3>Not\u00edcias relacionadas:<\/h3>\n<ul>\n<li><a href=\"https:\/\/agenciabrasil.ebc.com.br\/economia\/noticia\/2025-12\/banco-mundial-nordeste-fundamental-para-progresso-do-pais\">Banco Mundial: Nordeste \u00e9 fundamental para progresso do pa\u00eds.<\/a><\/li>\n<li><a href=\"https:\/\/agenciabrasil.ebc.com.br\/internacional\/noticia\/2026-04\/precos-do-gas-e-do-petroleo-na-europa-caem-apos-acordo-de-cessar-fogo\">Pre\u00e7os do g\u00e1s e petr\u00f3leo na Europa caem ap\u00f3s acordo de cessar-fogo.<\/a><\/li>\n<li><a href=\"https:\/\/agenciabrasil.ebc.com.br\/economia\/noticia\/2026-04\/governo-avalia-uso-do-fgts-para-quitar-dividas-diz-durigan\">Governo avalia uso do FGTS para quitar d\u00edvidas, diz Durigan.<\/a><\/li>\n<\/ul>\n<p>A previs\u00e3o anterior havia sido divulgada em janeiro. O Banco Mundial \u00e9 uma institui\u00e7\u00e3o financeira internacional formada por 189 pa\u00edses. A institui\u00e7\u00e3o faz parte do sistema das Na\u00e7\u00f5es Unidas e fica sediada na capital americana.<\/p>\n<p><strong>Ao comentar a redu\u00e7\u00e3o do crescimento, o economista-chefe do Banco Mundial para a Am\u00e9rica Latina e Caribe, William Maloney, apontou efeitos externos, como o choque no pre\u00e7o do petr\u00f3leo, e elementos internos.<\/strong><\/p>\n<blockquote>\n<p>\u201cTem muita preocupa\u00e7\u00e3o por parte do consumidor com as taxas de juros alt\u00edssimas que afetam consumidores endividados\u201d, diz Maloney em entrevista online a jornalistas.<\/p>\n<\/blockquote>\n<p><a href=\"https:\/\/agenciabrasil.ebc.com.br\/politica\/noticia\/2026-03\/lula-diz-que-governo-apresentara-solucao-para-familias-endividadas\" target=\"_blank\">O n\u00edvel de endividamento das fam\u00edlias<\/a>\u00a0tem sido uma das preocupa\u00e7\u00f5es do governo, que estuda medidas como o uso do Fundo de Garantia do Tempo de Servi\u00e7o (FGTS) como forma de trabalhadores quitarem d\u00edvidas.\u00a0<\/p>\n<p><a href=\"https:\/\/agenciabrasil.ebc.com.br\/economia\/noticia\/2026-03\/banco-central-preve-crescimento-de-16-para-o-pib-em-2026\" target=\"_blank\">A proje\u00e7\u00e3o de crescimento do Banco Mundial est\u00e1 alinhada \u00e0 do Banco Central<\/a> (BC) brasileiro, mas abaixo do <a href=\"https:\/\/agenciabrasil.ebc.com.br\/economia\/noticia\/2026-04\/mercado-eleva-previsao-da-inflacao-para-436-este-ano\" target=\"_blank\">boletim Focus<\/a>, que retrata o humor do mercado financeiro, que espera 1,85%. Fica abaixo tamb\u00e9m da <a href=\"https:\/\/www.gov.br\/fazenda\/pt-br\/central-de-conteudo\/publicacoes\/conjuntura-economica\/panorama-macroeconomico\/2026\/panmacro_spe_slides_-marco2026.pdf\/@@download\/file\" target=\"_blank\">proje\u00e7\u00e3o do Minist\u00e9rio da Fazenda, de 2,3%<\/a>.\u00a0<\/p>\n<p><a href=\"https:\/\/www.whatsapp.com\/channel\/0029VaoRTgrInlqYLSk59B2M\" target=\"_blank\">>> Siga o canal da <strong>Ag\u00eancia Brasil<\/strong> no WhatsApp<\/a><\/p>\n<h2>Am\u00e9rica Latina<\/h2>\n<p><strong>Para a Am\u00e9rica Latina, o Banco Mundial tamb\u00e9m revisou a proje\u00e7\u00e3o de crescimento da economia, passando de 2,3% para 2,1%.<\/strong><\/p>\n<p>Entre os motivos apontados para a desacelera\u00e7\u00e3o est\u00e1 a <a href=\"https:\/\/agenciabrasil.ebc.com.br\/tags\/conflito-no-oriente-medio\" target=\"_blank\">guerra dos Estados Unidos e de Israel contra o Ir\u00e3<\/a>, que levou caos \u00e0 cadeia produtiva do petr\u00f3leo.\u00a0<\/p>\n<p>A regi\u00e3o concentra pa\u00edses produtores de petr\u00f3leo e rotas estrat\u00e9gicas, como o Estreito de Ormuz, ao sul do Ir\u00e3.<\/p>\n<blockquote>\n<p>\u201cOs impactos imediatos da crise s\u00e3o atrav\u00e9s dos pre\u00e7os de petr\u00f3leo e do g\u00e1s\u201d, avalia o economista-chefe.<\/p>\n<\/blockquote>\n<p>Com menos produ\u00e7\u00e3o nos pa\u00edses do Golfo P\u00e9rsico e o grande obst\u00e1culo log\u00edstico em Ormuz, o pre\u00e7o do barril de petr\u00f3leo escalou no mercado internacional.<\/p>\n<p><strong>Mais do que na Am\u00e9rica Latina, William Maloney assinala que o choque do pre\u00e7o do petr\u00f3leo chegar\u00e1 ao mundo todo, fazendo com que pa\u00edses sejam mais cautelosos na derrubada dos juros.<\/strong><\/p>\n<p>Os juros altos, utilizados para esfriar a infla\u00e7\u00e3o, funcionam como freio na economia, com encarecimento do cr\u00e9dito e pressionando a pol\u00edtica fiscal (gest\u00e3o de gastos p\u00fablicos) de pa\u00edses.<\/p>\n<blockquote>\n<p>\u201cS\u00e3o impactos significativos nas economias como um todo e na quest\u00e3o fiscal, por isso que fizemos um <em>downgrade<\/em> [rebaixamento] da nossa previs\u00e3o\u201d.<\/p>\n<\/blockquote>\n<p><strong>Dos 29 pa\u00edses latino-americanos e caribenhos, o crescimento brasileiro \u00e9 o 22\u00ba. <\/strong>A primeira posi\u00e7\u00e3o \u00e9 da Guiana, que deve saltar 16,3%, empurrada pela explora\u00e7\u00e3o de<\/p>\n<p>petr\u00f3leo na Margem Equatorial, regi\u00e3o geogr\u00e1fica pr\u00f3xima \u00e0 Linha do Equador, tamb\u00e9m desejada pela Petrobras.<\/p>\n<p><strong>Em 2025 o pa\u00eds cresceu 15,4% e para 2027, a proje\u00e7\u00e3o \u00e9 ainda maior: 23,5%.<\/strong> Os n\u00fameros da Guiana s\u00e3o t\u00e3o superlativos que o Banco Mundial os deixou de fora ao calcular os n\u00fameros globais da Am\u00e9rica Latina.<\/p>\n<h2>Embrapa e Embraer<\/h2>\n<p>Apesar de estar na parte baixa do <em>ranking<\/em>, o Brasil recebeu elogios por destaques na ind\u00fastria de avi\u00f5es e agricultura.<\/p>\n<blockquote>\n<p>\u201cA Embraer \u00e9 um exemplo, o Brasil tem uma ind\u00fastria muito boa\u201d, afirmou o economista, quando comentava a necessidade de m\u00e3o de obra qualificada para a ind\u00fastria como um todo.<\/p>\n<\/blockquote>\n<p>\u201c<strong>A agricultura \u00e9 uma \u00e1rea, particularmente no Brasil e na Argentina, onde tem alt\u00edssima tecnologia e alt\u00edssima produtividade. O Uruguai e o Chile tamb\u00e9m\u201d, afirmou Maloney.<\/strong><\/p>\n<p>No texto publicado no <em>site <\/em>do Banco Mundial \u00e9 refer\u00eancia tamb\u00e9m \u00e0 Empresa Brasileira de Pesquisa Agropecu\u00e1ria (Embrapa), vinculada ao Minist\u00e9rio da Agricultura e Pecu\u00e1ria, que leva inova\u00e7\u00e3o e tecnologia para a agropecu\u00e1ria.<\/p>\n<p>\u201cA Embrapa se destaca justamente porque incorporou o aprendizado cient\u00edfico, a experimenta\u00e7\u00e3o descentralizada e o desenvolvimento de capital humano no centro de sua estrat\u00e9gia, possibilitando ganhos de produtividade que persistiram mesmo al\u00e9m do apoio direto do Estado\u201d, assinala o relat\u00f3rio.<\/p>\n<p>\u00a0<\/p>\n","protected":false},"excerpt":{"rendered":"<p>O Banco Mundial revisou para baixo a previs\u00e3o de crescimento da economia brasileira em 2026. A proje\u00e7\u00e3o de avan\u00e7o do Produto Interno Bruto (PIB, conjunto de bens e servi\u00e7os produzidos) passou de 2% para 1,6%. A estimativa consta no relat\u00f3rio Panorama Econ\u00f4mico da Am\u00e9rica Latina e o Caribe, lan\u00e7ado nesta quarta-feira (8), em Washington, nos [&hellip;]<\/p>\n","protected":false},"author":59,"featured_media":27446,"comment_status":"open","ping_status":"open","sticky":false,"template":"","format":"standard","meta":{"site-sidebar-layout":"default","site-content-layout":"","ast-site-content-layout":"default","site-content-style":"default","site-sidebar-style":"default","ast-global-header-display":"","ast-banner-title-visibility":"","ast-main-header-display":"","ast-hfb-above-header-display":"","ast-hfb-below-header-display":"","ast-hfb-mobile-header-display":"","site-post-title":"","ast-breadcrumbs-content":"","ast-featured-img":"","footer-sml-layout":"","ast-disable-related-posts":"","theme-transparent-header-meta":"","adv-header-id-meta":"","stick-header-meta":"","header-above-stick-meta":"","header-main-stick-meta":"","header-below-stick-meta":"","astra-migrate-meta-layouts":"default","ast-page-background-enabled":"default","ast-page-background-meta":{"desktop":{"background-color":"var(--ast-global-color-4)","background-image":"","background-repeat":"repeat","background-position":"center center","background-size":"auto","background-attachment":"scroll","background-type":"","background-media":"","overlay-type":"","overlay-color":"","overlay-opacity":"","overlay-gradient":""},"tablet":{"background-color":"","background-image":"","background-repeat":"repeat","background-position":"center center","background-size":"auto","background-attachment":"scroll","background-type":"","background-media":"","overlay-type":"","overlay-color":"","overlay-opacity":"","overlay-gradient":""},"mobile":{"background-color":"","background-image":"","background-repeat":"repeat","background-position":"center center","background-size":"auto","background-attachment":"scroll","background-type":"","background-media":"","overlay-type":"","overlay-color":"","overlay-opacity":"","overlay-gradient":""}},"ast-content-background-meta":{"desktop":{"background-color":"var(--ast-global-color-5)","background-image":"","background-repeat":"repeat","background-position":"center center","background-size":"auto","background-attachment":"scroll","background-type":"","background-media":"","overlay-type":"","overlay-color":"","overlay-opacity":"","overlay-gradient":""},"tablet":{"background-color":"var(--ast-global-color-5)","background-image":"","background-repeat":"repeat","background-position":"center center","background-size":"auto","background-attachment":"scroll","background-type":"","background-media":"","overlay-type":"","overlay-color":"","overlay-opacity":"","overlay-gradient":""},"mobile":{"background-color":"var(--ast-global-color-5)","background-image":"","background-repeat":"repeat","background-position":"center center","background-size":"auto","background-attachment":"scroll","background-type":"","background-media":"","overlay-type":"","overlay-color":"","overlay-opacity":"","overlay-gradient":""}},"footnotes":""},"categories":[46],"tags":[],"class_list":["post-27445","post","type-post","status-publish","format-standard","has-post-thumbnail","hentry","category-economia"],"_links":{"self":[{"href":"https:\/\/jornalpacity.com.br\/index.php?rest_route=\/wp\/v2\/posts\/27445","targetHints":{"allow":["GET"]}}],"collection":[{"href":"https:\/\/jornalpacity.com.br\/index.php?rest_route=\/wp\/v2\/posts"}],"about":[{"href":"https:\/\/jornalpacity.com.br\/index.php?rest_route=\/wp\/v2\/types\/post"}],"author":[{"embeddable":true,"href":"https:\/\/jornalpacity.com.br\/index.php?rest_route=\/wp\/v2\/users\/59"}],"replies":[{"embeddable":true,"href":"https:\/\/jornalpacity.com.br\/index.php?rest_route=%2Fwp%2Fv2%2Fcomments&post=27445"}],"version-history":[{"count":0,"href":"https:\/\/jornalpacity.com.br\/index.php?rest_route=\/wp\/v2\/posts\/27445\/revisions"}],"wp:featuredmedia":[{"embeddable":true,"href":"https:\/\/jornalpacity.com.br\/index.php?rest_route=\/wp\/v2\/media\/27446"}],"wp:attachment":[{"href":"https:\/\/jornalpacity.com.br\/index.php?rest_route=%2Fwp%2Fv2%2Fmedia&parent=27445"}],"wp:term":[{"taxonomy":"category","embeddable":true,"href":"https:\/\/jornalpacity.com.br\/index.php?rest_route=%2Fwp%2Fv2%2Fcategories&post=27445"},{"taxonomy":"post_tag","embeddable":true,"href":"https:\/\/jornalpacity.com.br\/index.php?rest_route=%2Fwp%2Fv2%2Ftags&post=27445"}],"curies":[{"name":"wp","href":"https:\/\/api.w.org\/{rel}","templated":true}]}}