{"id":27477,"date":"2026-04-09T13:55:01","date_gmt":"2026-04-09T16:55:01","guid":{"rendered":"https:\/\/jornalpacity.com.br\/?p=27477"},"modified":"2026-04-09T13:55:01","modified_gmt":"2026-04-09T16:55:01","slug":"verba-para-super-poco-em-reserva-indigena-esta-garantida-diz-ministro","status":"publish","type":"post","link":"https:\/\/jornalpacity.com.br\/?p=27477","title":{"rendered":"Verba para super po\u00e7o em reserva ind\u00edgena est\u00e1 garantida, diz ministro"},"content":{"rendered":"<\/p>\n<p><a class=\"\" href=\"https:\/\/agenciabrasil.ebc.com.br\/saude\/noticia\/2026-04\/verba-para-super-poco-em-reserva-indigena-esta-garantida-diz-ministro\"><br \/>\n                    <img decoding=\"async\" src=\"https:\/\/cdn.jsdelivr.net\/gh\/sergiosdlima\/assets-ebc@1.0.0\/abr\/assets\/images\/logo-agenciabrasil.svg\" alt=\"Logo Ag\u00eancia Brasil\"><br \/>\n\t\t\t\t<\/a><\/p>\n<p>O ministro dos Povos Ind\u00edgenas, Eloy Terena, anunciou nesta quinta-feira (9) que j\u00e1 est\u00e3o dispon\u00edveis os R$ 53 milh\u00f5es destinados \u00e0 constru\u00e7\u00e3o de um sistema de abastecimento de \u00e1gua para a maior reserva ind\u00edgena urbana do pa\u00eds, em Dourados, no Mato Grosso do Sul.<img decoding=\"async\" src=\"https:\/\/agenciabrasil.ebc.com.br\/ebc.png?id=1685358&#038;o=rss\"><img decoding=\"async\" src=\"https:\/\/agenciabrasil.ebc.com.br\/ebc.gif?id=1685358&#038;o=rss\"><\/p>\n<p>Formada pelas aldeias Boror\u00f3 e Jaguapiru, a reserva re\u00fane cerca de 20 mil ind\u00edgenas dos povos Guarani Nhandeva, Guarani Kaiow\u00e1 e Terena, que h\u00e1 mais de cinco anos enfrentam escassez da \u00e1gua.<\/p>\n<\/p>\n<h3>Not\u00edcias relacionadas:<\/h3>\n<ul>\n<li><a href=\"https:\/\/agenciabrasil.ebc.com.br\/meio-ambiente\/noticia\/2026-03\/peixes-migratorios-de-agua-doce-estao-os-mais-ameacados-no-mundo\">Peixes migrat\u00f3rios de \u00e1gua doce est\u00e3o entre os mais amea\u00e7ados no mundo.<\/a><\/li>\n<li><a href=\"https:\/\/agenciabrasil.ebc.com.br\/meio-ambiente\/noticia\/2025-10\/cidades-brasileiras-correm-risco-de-desabastecimento-de-agua-ate-2050\">Cidades brasileiras correm risco de desabastecimento de \u00e1gua at\u00e9 2050.<\/a><\/li>\n<li><a href=\"https:\/\/agenciabrasil.ebc.com.br\/saude\/noticia\/2026-04\/chikungunya-ministro-classifica-de-critica-situacao-em-dourados\">Chikungunya: ministro classifica como cr\u00edtica situa\u00e7\u00e3o em Dourados.<\/a><\/li>\n<\/ul>\n<p><strong>A situa\u00e7\u00e3o foi agravada com um <a href=\"https:\/\/agenciabrasil.ebc.com.br\/saude\/noticia\/2026-03\/chikungunya-entenda-doenca-que-preocupa-mato-grosso-do-sul\" target=\"_blank\">surto recente de chikungunya no munic\u00edpio<\/a>, que vitimou principalmente os povos ind\u00edgenas.<\/strong>\u00a0<\/p>\n<p>De acordo com os \u00faltimos dados divulgados pelo Minist\u00e9rio da Sa\u00fade, no s\u00e1bado (4), o munic\u00edpio j\u00e1 somava 3.596 notifica\u00e7\u00f5es, com 1.314 casos confirmados, dos quais 914 entre os ind\u00edgenas.<\/p>\n<p><strong>\u201cN\u00f3s j\u00e1 acompanh\u00e1vamos essa situa\u00e7\u00e3o cr\u00edtica da reserva ind\u00edgena de Dourados e como primeiro ato [ao assumir o minist\u00e9rio] assinamos essa ordem de servi\u00e7o justamente para que as obras comecem\u201d, declarou o ministro.<\/strong><\/p>\n<p>Eloy Terena disse que as lideran\u00e7as desses povos pedem a cria\u00e7\u00e3o de uma inst\u00e2ncia representativa de governan\u00e7a, para acompanhamento semanal dos recursos destinados aos governos locais e federal para execu\u00e7\u00e3o das obras e a\u00e7\u00f5es na reserva ind\u00edgena.<\/p>\n<p>\u201cEsse \u00e9 um compromisso que eu assumi l\u00e1 com as lideran\u00e7as ind\u00edgenas, n\u00e3o s\u00f3 em rela\u00e7\u00e3o a esse recurso dos po\u00e7os, mas em rela\u00e7\u00e3o aos outros recursos que n\u00f3s anunciamos tamb\u00e9m para o enfrentamento da epidemia de chikungunya\u201d, disse.<\/p>\n<p><a href=\"https:\/\/www.whatsapp.com\/channel\/0029VaoRTgrInlqYLSk59B2M\" target=\"_blank\">>> Siga o canal da <strong>Ag\u00eancia Brasil <\/strong>no WhatsApp<\/a><\/p>\n<h2>Andamento<\/h2>\n<p><strong>De acordo com o ministro, o \u00faltimo documento que faltava para o in\u00edcio das obras que viabilizar\u00e3o dois super po\u00e7os com sistema de distribui\u00e7\u00e3o para as aldeias Boror\u00f3 e Jaguapiru foi assinado na sexta-feira (3) e o recurso j\u00e1 foi disponibilizado ao estado do Mato Grosso do Sul, que executar\u00e1 a obra por meio da empresa de saneamento estadual, a Sanesul.<\/strong><\/p>\n<p>De acordo com nota divulgada pela empresa, o projeto para execu\u00e7\u00e3o da obra passa atualmente por aprova\u00e7\u00e3o da Caixa Econ\u00f4mica Federal, institui\u00e7\u00e3o respons\u00e1vel pelo repasse dos recursos.<\/p>\n<p>\u201cParalelamente, j\u00e1 foi realizado o cadastramento junto \u00e0 Agesul [Ag\u00eancia Estadual de Gest\u00e3o de Empreendimentos] da etapa de perfura\u00e7\u00e3o dos po\u00e7os, com previs\u00e3o de contrata\u00e7\u00e3o e in\u00edcio das atividades ainda neste semestre\u201d, destacou o informe.<\/p>\n<p>A Sanesul informou ainda que os editais para o in\u00edcio das pr\u00f3ximas etapas de contrata\u00e7\u00e3o para execu\u00e7\u00e3o da obra dever\u00e3o ser publicados logo ap\u00f3s a libera\u00e7\u00e3o dos recursos pela Caixa e com o in\u00edcio da obra. <strong>A previs\u00e3o de conclus\u00e3o \u00e9 de dois anos.<\/strong><\/p>\n<p>De acordo com o ministro Eloy Terena, no momento as comunidades s\u00e3o provisoriamente abastecidas por pequenos po\u00e7os instalados de forma emergencial, por meio de uma parceria com a Universidade Federal da Grande Dourados (UFGD).<\/p>\n<p><strong>S\u00e3o 15 po\u00e7os equipados com caixa d\u2019\u00e1gua, bomba e painel solar para atender a demanda at\u00e9 que o sistema definitivo de abastecimento seja conclu\u00eddo.<\/strong>\u00a0<\/p>\n<p>\u201cAgora vem o que n\u00f3s chamamos de super po\u00e7os, que s\u00e3o os que ir\u00e3o resolver mesmo o problema estrutural. \u00c9 por isso que n\u00f3s alocamos ali uma ordem de R$ 53 milh\u00f5es, para construir esses po\u00e7os estruturais e fazer a liga\u00e7\u00e3o da rede de distribui\u00e7\u00e3o\u201d, disse.<\/p>\n","protected":false},"excerpt":{"rendered":"<p>O ministro dos Povos Ind\u00edgenas, Eloy Terena, anunciou nesta quinta-feira (9) que j\u00e1 est\u00e3o dispon\u00edveis os R$ 53 milh\u00f5es destinados \u00e0 constru\u00e7\u00e3o de um sistema de abastecimento de \u00e1gua para a maior reserva ind\u00edgena urbana do pa\u00eds, em Dourados, no Mato Grosso do Sul. Formada pelas aldeias Boror\u00f3 e Jaguapiru, a reserva re\u00fane cerca de [&hellip;]<\/p>\n","protected":false},"author":21,"featured_media":27478,"comment_status":"open","ping_status":"open","sticky":false,"template":"","format":"standard","meta":{"site-sidebar-layout":"default","site-content-layout":"","ast-site-content-layout":"default","site-content-style":"default","site-sidebar-style":"default","ast-global-header-display":"","ast-banner-title-visibility":"","ast-main-header-display":"","ast-hfb-above-header-display":"","ast-hfb-below-header-display":"","ast-hfb-mobile-header-display":"","site-post-title":"","ast-breadcrumbs-content":"","ast-featured-img":"","footer-sml-layout":"","ast-disable-related-posts":"","theme-transparent-header-meta":"","adv-header-id-meta":"","stick-header-meta":"","header-above-stick-meta":"","header-main-stick-meta":"","header-below-stick-meta":"","astra-migrate-meta-layouts":"default","ast-page-background-enabled":"default","ast-page-background-meta":{"desktop":{"background-color":"var(--ast-global-color-4)","background-image":"","background-repeat":"repeat","background-position":"center center","background-size":"auto","background-attachment":"scroll","background-type":"","background-media":"","overlay-type":"","overlay-color":"","overlay-opacity":"","overlay-gradient":""},"tablet":{"background-color":"","background-image":"","background-repeat":"repeat","background-position":"center center","background-size":"auto","background-attachment":"scroll","background-type":"","background-media":"","overlay-type":"","overlay-color":"","overlay-opacity":"","overlay-gradient":""},"mobile":{"background-color":"","background-image":"","background-repeat":"repeat","background-position":"center center","background-size":"auto","background-attachment":"scroll","background-type":"","background-media":"","overlay-type":"","overlay-color":"","overlay-opacity":"","overlay-gradient":""}},"ast-content-background-meta":{"desktop":{"background-color":"var(--ast-global-color-5)","background-image":"","background-repeat":"repeat","background-position":"center center","background-size":"auto","background-attachment":"scroll","background-type":"","background-media":"","overlay-type":"","overlay-color":"","overlay-opacity":"","overlay-gradient":""},"tablet":{"background-color":"var(--ast-global-color-5)","background-image":"","background-repeat":"repeat","background-position":"center center","background-size":"auto","background-attachment":"scroll","background-type":"","background-media":"","overlay-type":"","overlay-color":"","overlay-opacity":"","overlay-gradient":""},"mobile":{"background-color":"var(--ast-global-color-5)","background-image":"","background-repeat":"repeat","background-position":"center center","background-size":"auto","background-attachment":"scroll","background-type":"","background-media":"","overlay-type":"","overlay-color":"","overlay-opacity":"","overlay-gradient":""}},"footnotes":""},"categories":[17],"tags":[],"class_list":["post-27477","post","type-post","status-publish","format-standard","has-post-thumbnail","hentry","category-saude"],"_links":{"self":[{"href":"https:\/\/jornalpacity.com.br\/index.php?rest_route=\/wp\/v2\/posts\/27477","targetHints":{"allow":["GET"]}}],"collection":[{"href":"https:\/\/jornalpacity.com.br\/index.php?rest_route=\/wp\/v2\/posts"}],"about":[{"href":"https:\/\/jornalpacity.com.br\/index.php?rest_route=\/wp\/v2\/types\/post"}],"author":[{"embeddable":true,"href":"https:\/\/jornalpacity.com.br\/index.php?rest_route=\/wp\/v2\/users\/21"}],"replies":[{"embeddable":true,"href":"https:\/\/jornalpacity.com.br\/index.php?rest_route=%2Fwp%2Fv2%2Fcomments&post=27477"}],"version-history":[{"count":0,"href":"https:\/\/jornalpacity.com.br\/index.php?rest_route=\/wp\/v2\/posts\/27477\/revisions"}],"wp:featuredmedia":[{"embeddable":true,"href":"https:\/\/jornalpacity.com.br\/index.php?rest_route=\/wp\/v2\/media\/27478"}],"wp:attachment":[{"href":"https:\/\/jornalpacity.com.br\/index.php?rest_route=%2Fwp%2Fv2%2Fmedia&parent=27477"}],"wp:term":[{"taxonomy":"category","embeddable":true,"href":"https:\/\/jornalpacity.com.br\/index.php?rest_route=%2Fwp%2Fv2%2Fcategories&post=27477"},{"taxonomy":"post_tag","embeddable":true,"href":"https:\/\/jornalpacity.com.br\/index.php?rest_route=%2Fwp%2Fv2%2Ftags&post=27477"}],"curies":[{"name":"wp","href":"https:\/\/api.w.org\/{rel}","templated":true}]}}