{"id":27479,"date":"2026-04-09T13:55:15","date_gmt":"2026-04-09T16:55:15","guid":{"rendered":"https:\/\/jornalpacity.com.br\/?p=27479"},"modified":"2026-04-09T13:55:15","modified_gmt":"2026-04-09T16:55:15","slug":"defesa-civil-do-rio-interdita-parte-do-velodromo-atingido-por-incendio","status":"publish","type":"post","link":"https:\/\/jornalpacity.com.br\/?p=27479","title":{"rendered":"Defesa Civil do Rio interdita parte do Vel\u00f3dromo atingido por inc\u00eandio"},"content":{"rendered":"<\/p>\n<p><a class=\"\" href=\"https:\/\/agenciabrasil.ebc.com.br\/geral\/noticia\/2026-04\/defesa-civil-do-rio-interdita-parte-do-velodromo-atingido-por-incendio\"><br \/>\n                    <img decoding=\"async\" src=\"https:\/\/cdn.jsdelivr.net\/gh\/sergiosdlima\/assets-ebc@1.0.0\/abr\/assets\/images\/logo-agenciabrasil.svg\" alt=\"Logo Ag\u00eancia Brasil\"><br \/>\n\t\t\t\t<\/a><\/p>\n<p><strong>Ap\u00f3s vistoria no Vel\u00f3dromo Ol\u00edmpico, situado no Parque Ol\u00edmpico do Rio, atingido por inc\u00eandio na lona e no teto nesta quarta-feira (8), a Defesa Civil interditou parcialmente o local, por precau\u00e7\u00e3o, at\u00e9 a conclus\u00e3o dos reparos.<\/strong><img decoding=\"async\" src=\"https:\/\/agenciabrasil.ebc.com.br\/ebc.png?id=1685361&#038;o=rss\"><img decoding=\"async\" src=\"https:\/\/agenciabrasil.ebc.com.br\/ebc.gif?id=1685361&#038;o=rss\"><\/p>\n<p>Segundo o \u00f3rg\u00e3o, a pista de ciclismo n\u00e3o sofreu qualquer dano. No Rio Museu Ol\u00edmpico, o impacto foi pontual e o acervo integralmente preservado. As salas onde s\u00e3o realizadas atividades esportivas podem funcionar normalmente, informa a Defesa Civil.<\/p>\n<\/p>\n<h3>Not\u00edcias relacionadas:<\/h3>\n<ul>\n<li><a href=\"https:\/\/agenciabrasil.ebc.com.br\/geral\/noticia\/2026-04\/incendio-no-velodromo-no-rio-e-controlado-pista-nao-teve-impacto\">Inc\u00eandio no Vel\u00f3dromo do Rio \u00e9 controlado; pista n\u00e3o teve impacto.<\/a><\/li>\n<li><a href=\"https:\/\/agenciabrasil.ebc.com.br\/geral\/noticia\/2026-04\/incendio-atinge-velodromo-do-parque-olimpico-no-rio\">Inc\u00eandio atinge Vel\u00f3dromo Ol\u00edmpico no Rio.<\/a><\/li>\n<li><a href=\"https:\/\/agenciabrasil.ebc.com.br\/geral\/noticia\/2017-11\/incendio-atinge-cobertura-do-velodromo-no-rio\">Inc\u00eandio atinge cobertura do Vel\u00f3dromo do Rio pela segunda vez .<\/a><\/li>\n<\/ul>\n<p>Segundo o Corpo de Bombeiros, o fogo foi rapidamente controlado, ficando restrito \u00e0 lona que cobre o complexo, evitando a propaga\u00e7\u00e3o para o interior do edif\u00edcio.\u00a0<\/p>\n<p>Depois de 14 horas, o Corpo de Bombeiros controlou o inc\u00eandio que atingiu o Vel\u00f3dromo, na Barra da Tijuca. Durante a madrugada, a ap\u00f3s o trabalho de rescaldo e de limpeza, o servi\u00e7o foi encerrado. Ningu\u00e9m ficou ferido.<\/p>\n<p>A avalia\u00e7\u00e3o preliminar da equipe t\u00e9cnica da prefeitura do Rio e da dire\u00e7\u00e3o da Confedera\u00e7\u00e3o Brasileira de Ciclismo indica que n\u00e3o houve impacto \u00e0 pista. O Rio Museu Ol\u00edmpico, que homenageia os Jogos de 2016, foi preservado e as pe\u00e7as hist\u00f3ricas est\u00e3o intactas.<\/p>\n<p><strong>O Museu Ol\u00edmpico ocupa \u00e1rea de aproximadamente 1.700 metros quadrados, onde abriga acervo de cerca de 1 mil pe\u00e7as. O Vel\u00f3dromo \u00e9 usado para treinamento de atletas de esgrima, levantamento de peso e gin\u00e1stica<\/strong>.<\/p>\n<p><a href=\"https:\/\/www.whatsapp.com\/channel\/0029VaoRTgrInlqYLSk59B2M\" target=\"_blank\">>> Siga o canal da <strong>Ag\u00eancia Brasil <\/strong>no WhatsApp<\/a><\/p>\n<h2>Inc\u00eandios de 2017<\/h2>\n<p>\u00c9 a terceira vez que o Vel\u00f3dromo \u00e9 atingido por inc\u00eandio. Em 2017 foram dois, ambos\u00a0<a href=\"https:\/\/agenciabrasil.ebc.com.br\/geral\/noticia\/2017-07\/secretaria-diz-que-balao-causou-incendio-em-velodromo-do-rio\" target=\"_blank\">causados por bal\u00f5es<\/a>\u00a0que ca\u00edram sobre a cobertura do equipamento constru\u00eddo para as competi\u00e7\u00f5es de ciclismo dos Jogos Ol\u00edmpicos Rio 2016.<\/p>\n","protected":false},"excerpt":{"rendered":"<p>Ap\u00f3s vistoria no Vel\u00f3dromo Ol\u00edmpico, situado no Parque Ol\u00edmpico do Rio, atingido por inc\u00eandio na lona e no teto nesta quarta-feira (8), a Defesa Civil interditou parcialmente o local, por precau\u00e7\u00e3o, at\u00e9 a conclus\u00e3o dos reparos. Segundo o \u00f3rg\u00e3o, a pista de ciclismo n\u00e3o sofreu qualquer dano. No Rio Museu Ol\u00edmpico, o impacto foi pontual [&hellip;]<\/p>\n","protected":false},"author":5,"featured_media":27480,"comment_status":"open","ping_status":"open","sticky":false,"template":"","format":"standard","meta":{"site-sidebar-layout":"default","site-content-layout":"","ast-site-content-layout":"default","site-content-style":"default","site-sidebar-style":"default","ast-global-header-display":"","ast-banner-title-visibility":"","ast-main-header-display":"","ast-hfb-above-header-display":"","ast-hfb-below-header-display":"","ast-hfb-mobile-header-display":"","site-post-title":"","ast-breadcrumbs-content":"","ast-featured-img":"","footer-sml-layout":"","ast-disable-related-posts":"","theme-transparent-header-meta":"","adv-header-id-meta":"","stick-header-meta":"","header-above-stick-meta":"","header-main-stick-meta":"","header-below-stick-meta":"","astra-migrate-meta-layouts":"default","ast-page-background-enabled":"default","ast-page-background-meta":{"desktop":{"background-color":"var(--ast-global-color-4)","background-image":"","background-repeat":"repeat","background-position":"center center","background-size":"auto","background-attachment":"scroll","background-type":"","background-media":"","overlay-type":"","overlay-color":"","overlay-opacity":"","overlay-gradient":""},"tablet":{"background-color":"","background-image":"","background-repeat":"repeat","background-position":"center center","background-size":"auto","background-attachment":"scroll","background-type":"","background-media":"","overlay-type":"","overlay-color":"","overlay-opacity":"","overlay-gradient":""},"mobile":{"background-color":"","background-image":"","background-repeat":"repeat","background-position":"center center","background-size":"auto","background-attachment":"scroll","background-type":"","background-media":"","overlay-type":"","overlay-color":"","overlay-opacity":"","overlay-gradient":""}},"ast-content-background-meta":{"desktop":{"background-color":"var(--ast-global-color-5)","background-image":"","background-repeat":"repeat","background-position":"center center","background-size":"auto","background-attachment":"scroll","background-type":"","background-media":"","overlay-type":"","overlay-color":"","overlay-opacity":"","overlay-gradient":""},"tablet":{"background-color":"var(--ast-global-color-5)","background-image":"","background-repeat":"repeat","background-position":"center center","background-size":"auto","background-attachment":"scroll","background-type":"","background-media":"","overlay-type":"","overlay-color":"","overlay-opacity":"","overlay-gradient":""},"mobile":{"background-color":"var(--ast-global-color-5)","background-image":"","background-repeat":"repeat","background-position":"center center","background-size":"auto","background-attachment":"scroll","background-type":"","background-media":"","overlay-type":"","overlay-color":"","overlay-opacity":"","overlay-gradient":""}},"footnotes":""},"categories":[1],"tags":[],"class_list":["post-27479","post","type-post","status-publish","format-standard","has-post-thumbnail","hentry","category-sem-categoria"],"_links":{"self":[{"href":"https:\/\/jornalpacity.com.br\/index.php?rest_route=\/wp\/v2\/posts\/27479","targetHints":{"allow":["GET"]}}],"collection":[{"href":"https:\/\/jornalpacity.com.br\/index.php?rest_route=\/wp\/v2\/posts"}],"about":[{"href":"https:\/\/jornalpacity.com.br\/index.php?rest_route=\/wp\/v2\/types\/post"}],"author":[{"embeddable":true,"href":"https:\/\/jornalpacity.com.br\/index.php?rest_route=\/wp\/v2\/users\/5"}],"replies":[{"embeddable":true,"href":"https:\/\/jornalpacity.com.br\/index.php?rest_route=%2Fwp%2Fv2%2Fcomments&post=27479"}],"version-history":[{"count":0,"href":"https:\/\/jornalpacity.com.br\/index.php?rest_route=\/wp\/v2\/posts\/27479\/revisions"}],"wp:featuredmedia":[{"embeddable":true,"href":"https:\/\/jornalpacity.com.br\/index.php?rest_route=\/wp\/v2\/media\/27480"}],"wp:attachment":[{"href":"https:\/\/jornalpacity.com.br\/index.php?rest_route=%2Fwp%2Fv2%2Fmedia&parent=27479"}],"wp:term":[{"taxonomy":"category","embeddable":true,"href":"https:\/\/jornalpacity.com.br\/index.php?rest_route=%2Fwp%2Fv2%2Fcategories&post=27479"},{"taxonomy":"post_tag","embeddable":true,"href":"https:\/\/jornalpacity.com.br\/index.php?rest_route=%2Fwp%2Fv2%2Ftags&post=27479"}],"curies":[{"name":"wp","href":"https:\/\/api.w.org\/{rel}","templated":true}]}}