{"id":27493,"date":"2026-04-09T17:54:50","date_gmt":"2026-04-09T20:54:50","guid":{"rendered":"https:\/\/jornalpacity.com.br\/?p=27493"},"modified":"2026-04-09T17:54:50","modified_gmt":"2026-04-09T20:54:50","slug":"bale-teatro-castro-alves-comemora-45-anos-com-diversas-apresentacoes","status":"publish","type":"post","link":"https:\/\/jornalpacity.com.br\/?p=27493","title":{"rendered":"Bal\u00e9 Teatro Castro Alves comemora 45 anos com diversas apresenta\u00e7\u00f5es"},"content":{"rendered":"<p>Um dos principais grupos de dan\u00e7a da Bahia, o Bal\u00e9 Teatro Castro Alves est\u00e1 completando 45 anos e tem v\u00e1rias apresenta\u00e7\u00f5es neste m\u00eas de abril. Uma delas \u00e9 o <strong>espet\u00e1culo \u201cVeriv\u00e9rbio\u201d, em cartaz nestas quinta (9), sexta (10) e s\u00e1bado (11) e tamb\u00e9m nos dias 23, 24 e 25 de abril, sempre a partir das 19h, no Goethe-Institut Salvador, localizado no Corredor da Vit\u00f3ria.<\/strong> Haver\u00e1 apresenta\u00e7\u00f5es tamb\u00e9m no Centro Cultural da cidade de Santo Ant\u00f4nio de Jesus, no dia 17 de abril, e no Sesc de Feira de Santana, no dia 29 deste m\u00eas.<img decoding=\"async\" src=\"https:\/\/agenciabrasil.ebc.com.br\/ebc.png?id=1685413&#038;o=rss\"><img decoding=\"async\" src=\"https:\/\/agenciabrasil.ebc.com.br\/ebc.gif?id=1685413&#038;o=rss\"><\/p>\n<p>A montagem investiga o ato de falar como uma manifesta\u00e7\u00e3o m\u00faltipla, que transcende a emiss\u00e3o verbal. Em cena, a palavra se transforma em gesto, ritmo e respira\u00e7\u00e3o, propondo uma dan\u00e7a que emerge como uma &#8220;fala sem voz&#8221;.<\/p>\n<h3>Aulas abertas<\/h3>\n<p><strong>Desde o in\u00edcio de abril, est\u00e3o ocorrendo tamb\u00e9m, no Espa\u00e7o Xisto Bahia, aulas abertas de pilates, bal\u00e9 cl\u00e1ssico e alongamento, sempre \u00e0s 13h, conduzidas por bailarinos da companhia.<\/strong> A iniciativa \u00e9 gratuita e voltada para artistas da dan\u00e7a e pessoas com n\u00edvel intermedi\u00e1rio e avan\u00e7ado. O calend\u00e1rio das aulas abertas est\u00e1 dispon\u00edvel no\u00a0<a href=\"https:\/\/www.instagram.com\/p\/DWlmJWBDfb4\/\">perfil do bal\u00e9 no Instagram<\/a>.<\/p>\n<h3>Bal\u00e9 Teatro Castro Alves<\/h3>\n<p>O Bal\u00e9 Teatro Castro Alves foi fundado em 1981 e faz parte do corpo art\u00edstico do Teatro Castro Alves, localizado em Salvador, na Bahia. O grupo \u00e9 a primeira companhia p\u00fablica de dan\u00e7a do eixo Norte-Nordeste e a quinta companhia de dan\u00e7a no Brasil. Nesses 45 anos de hist\u00f3ria, ele passou a ser refer\u00eancia na dan\u00e7a moderna e contempor\u00e2nea e j\u00e1 apresentou mais de 100 montagens de importantes core\u00f3grafos.<\/p>\n<p>  <span class=\"hms hms-format-m-ss\">1:43<\/span><\/p>\n","protected":false},"excerpt":{"rendered":"<p>Um dos principais grupos de dan\u00e7a da Bahia, o Bal\u00e9 Teatro Castro Alves est\u00e1 completando 45 anos e tem v\u00e1rias apresenta\u00e7\u00f5es neste m\u00eas de abril. Uma delas \u00e9 o espet\u00e1culo \u201cVeriv\u00e9rbio\u201d, em cartaz nestas quinta (9), sexta (10) e s\u00e1bado (11) e tamb\u00e9m nos dias 23, 24 e 25 de abril, sempre a partir das [&hellip;]<\/p>\n","protected":false},"author":1,"featured_media":27494,"comment_status":"open","ping_status":"open","sticky":false,"template":"","format":"standard","meta":{"site-sidebar-layout":"default","site-content-layout":"","ast-site-content-layout":"default","site-content-style":"default","site-sidebar-style":"default","ast-global-header-display":"","ast-banner-title-visibility":"","ast-main-header-display":"","ast-hfb-above-header-display":"","ast-hfb-below-header-display":"","ast-hfb-mobile-header-display":"","site-post-title":"","ast-breadcrumbs-content":"","ast-featured-img":"","footer-sml-layout":"","ast-disable-related-posts":"","theme-transparent-header-meta":"","adv-header-id-meta":"","stick-header-meta":"","header-above-stick-meta":"","header-main-stick-meta":"","header-below-stick-meta":"","astra-migrate-meta-layouts":"default","ast-page-background-enabled":"default","ast-page-background-meta":{"desktop":{"background-color":"var(--ast-global-color-4)","background-image":"","background-repeat":"repeat","background-position":"center center","background-size":"auto","background-attachment":"scroll","background-type":"","background-media":"","overlay-type":"","overlay-color":"","overlay-opacity":"","overlay-gradient":""},"tablet":{"background-color":"","background-image":"","background-repeat":"repeat","background-position":"center center","background-size":"auto","background-attachment":"scroll","background-type":"","background-media":"","overlay-type":"","overlay-color":"","overlay-opacity":"","overlay-gradient":""},"mobile":{"background-color":"","background-image":"","background-repeat":"repeat","background-position":"center center","background-size":"auto","background-attachment":"scroll","background-type":"","background-media":"","overlay-type":"","overlay-color":"","overlay-opacity":"","overlay-gradient":""}},"ast-content-background-meta":{"desktop":{"background-color":"var(--ast-global-color-5)","background-image":"","background-repeat":"repeat","background-position":"center center","background-size":"auto","background-attachment":"scroll","background-type":"","background-media":"","overlay-type":"","overlay-color":"","overlay-opacity":"","overlay-gradient":""},"tablet":{"background-color":"var(--ast-global-color-5)","background-image":"","background-repeat":"repeat","background-position":"center center","background-size":"auto","background-attachment":"scroll","background-type":"","background-media":"","overlay-type":"","overlay-color":"","overlay-opacity":"","overlay-gradient":""},"mobile":{"background-color":"var(--ast-global-color-5)","background-image":"","background-repeat":"repeat","background-position":"center center","background-size":"auto","background-attachment":"scroll","background-type":"","background-media":"","overlay-type":"","overlay-color":"","overlay-opacity":"","overlay-gradient":""}},"footnotes":""},"categories":[37],"tags":[],"class_list":["post-27493","post","type-post","status-publish","format-standard","has-post-thumbnail","hentry","category-cultura"],"_links":{"self":[{"href":"https:\/\/jornalpacity.com.br\/index.php?rest_route=\/wp\/v2\/posts\/27493","targetHints":{"allow":["GET"]}}],"collection":[{"href":"https:\/\/jornalpacity.com.br\/index.php?rest_route=\/wp\/v2\/posts"}],"about":[{"href":"https:\/\/jornalpacity.com.br\/index.php?rest_route=\/wp\/v2\/types\/post"}],"author":[{"embeddable":true,"href":"https:\/\/jornalpacity.com.br\/index.php?rest_route=\/wp\/v2\/users\/1"}],"replies":[{"embeddable":true,"href":"https:\/\/jornalpacity.com.br\/index.php?rest_route=%2Fwp%2Fv2%2Fcomments&post=27493"}],"version-history":[{"count":0,"href":"https:\/\/jornalpacity.com.br\/index.php?rest_route=\/wp\/v2\/posts\/27493\/revisions"}],"wp:featuredmedia":[{"embeddable":true,"href":"https:\/\/jornalpacity.com.br\/index.php?rest_route=\/wp\/v2\/media\/27494"}],"wp:attachment":[{"href":"https:\/\/jornalpacity.com.br\/index.php?rest_route=%2Fwp%2Fv2%2Fmedia&parent=27493"}],"wp:term":[{"taxonomy":"category","embeddable":true,"href":"https:\/\/jornalpacity.com.br\/index.php?rest_route=%2Fwp%2Fv2%2Fcategories&post=27493"},{"taxonomy":"post_tag","embeddable":true,"href":"https:\/\/jornalpacity.com.br\/index.php?rest_route=%2Fwp%2Fv2%2Ftags&post=27493"}],"curies":[{"name":"wp","href":"https:\/\/api.w.org\/{rel}","templated":true}]}}