{"id":27501,"date":"2026-04-09T17:55:26","date_gmt":"2026-04-09T20:55:26","guid":{"rendered":"https:\/\/jornalpacity.com.br\/?p=27501"},"modified":"2026-04-09T17:55:26","modified_gmt":"2026-04-09T20:55:26","slug":"luciana-barreto-e-homenageada-no-4o-premio-mol-de-jornalismo","status":"publish","type":"post","link":"https:\/\/jornalpacity.com.br\/?p=27501","title":{"rendered":"Luciana Barreto \u00e9 homenageada no 4\u00ba Pr\u00eamio MOL de Jornalismo"},"content":{"rendered":"<\/p>\n<p><a class=\"\" href=\"https:\/\/agenciabrasil.ebc.com.br\/geral\/noticia\/2026-04\/luciana-barreto-e-homenageada-no-4o-premio-mol-de-jornalismo\"><br \/>\n                    <img decoding=\"async\" src=\"https:\/\/cdn.jsdelivr.net\/gh\/sergiosdlima\/assets-ebc@1.0.0\/abr\/assets\/images\/logo-agenciabrasil.svg\" alt=\"Logo Ag\u00eancia Brasil\"><br \/>\n\t\t\t\t<\/a><\/p>\n<p><strong>A apresentadora da TV Brasil e editora-chefe do Rep\u00f3rter Brasil Tarde, Luciana Barreto, foi homenageada durante a cerim\u00f4nia do 4\u00ba Pr\u00eamio MOL de Jornalismo para a Solidariedade. <\/strong>A jornalista recebeu o Trof\u00e9u Helaine Martins, reconhecimento que destaca sua trajet\u00f3ria comprometida com as quest\u00f5es sociais, raciais e de direitos humanos, al\u00e9m de sua contribui\u00e7\u00e3o para ampliar vozes e perspectivas no debate p\u00fablico.<img decoding=\"async\" src=\"https:\/\/agenciabrasil.ebc.com.br\/ebc.png?id=1685416&#038;o=rss\"><img decoding=\"async\" src=\"https:\/\/agenciabrasil.ebc.com.br\/ebc.gif?id=1685416&#038;o=rss\"><\/p>\n<blockquote>\n<p>\u201cEsse foi o dia do jornalista mais especial da minha carreira. Receber o pr\u00eamio com o nome da Helaine Martins, uma jornalista que foi gigante, e ver um teatro lotado de outros profissionais da comunica\u00e7\u00e3o comprometidos com \u00e9tica e humanismo encheu o ambiente de otimismo. Isso tudo se conecta muito com o jornalismo p\u00fablico que fazemos aqui na <strong>EBC<\/strong>. Todos n\u00f3s ganhamos muito&#8221;, declarou Luciana.<\/p>\n<\/blockquote>\n<h3>Not\u00edcias relacionadas:<\/h3>\n<ul>\n<li><a href=\"https:\/\/agenciabrasil.ebc.com.br\/direitos-humanos\/noticia\/2026-04\/reportagem-da-tv-brasil-conquista-2o-lugar-no-premio-mol-de-jornalismo\">Reportagem da TV Brasil conquista 2\u00ba lugar no Pr\u00eamio MOL de Jornalismo.<\/a><\/li>\n<li><a href=\"https:\/\/agenciabrasil.ebc.com.br\/direitos-humanos\/noticia\/2025-12\/luciana-barreto-esta-em-lista-de-mais-influentes-dos-paises-lusofonos\">Luciana Barreto est\u00e1 em lista de mais influentes dos pa\u00edses lus\u00f3fonos.<\/a><\/li>\n<\/ul>\n<p>O trof\u00e9u foi criado em celebra\u00e7\u00e3o ao legado de Helaine Martins, jornalista que idealizou o projeto Entreviste um Negro a partir de sua pesquisa sobre equidade racial na m\u00eddia. A iniciativa tem como objetivo ampliar a visibilidade de profissionais e fontes negras na imprensa.<\/p>\n<p>Em atividade desde 2015, o projeto re\u00fane um amplo banco de especialistas e j\u00e1 conectou centenas de profissionais a ve\u00edculos de comunica\u00e7\u00e3o em todo o pa\u00eds.<\/p>\n<p><a href=\"https:\/\/www.whatsapp.com\/channel\/0029VaoRTgrInlqYLSk59B2M\" target=\"_blank\">>> Siga o canal da <strong>Ag\u00eancia Brasil <\/strong>no WhatsApp<\/a><\/p>\n<h2>Reportagem da TV Brasil premiada<\/h2>\n<p>Al\u00e9m da homenagem a Luciana Barreto, a <strong>TV Brasil <\/strong>foi reconhecida na premia\u00e7\u00e3o. A jornalista Fl\u00e1via Grossi e equipe <a href=\"http:\/\/agenciabrasil.ebc.com.br\/direitos-humanos\/noticia\/2026-04\/reportagem-da-tv-brasil-conquista-2o-lugar-no-premio-mol-de-jornalismo\">conquistaram o segundo lugar<\/a> na categoria &#8220;Jornalismo Tradicional \u2013 V\u00eddeo&#8221;\u00a0com o trabalho <em>Egressos do c\u00e1rcere, uma nova chance<\/em>, exibido no programa <em>Caminhos da Reportagem<\/em>.<\/p>\n<p>A mat\u00e9ria apresenta hist\u00f3rias de pessoas que deixaram o sistema prisional e buscam reconstruir suas vidas. O trabalho aborda iniciativas de reinser\u00e7\u00e3o social e destaca novas oportunidades ap\u00f3s o c\u00e1rcere.<\/p>\n<h2>Sobre o Pr\u00eamio MOL de Jornalismo para a Solidariedade<\/h2>\n<p>A premia\u00e7\u00e3o \u00e9 uma iniciativa do Instituto MOL para reconhecer o trabalho de profissionais, estudantes da comunica\u00e7\u00e3o e comunicadores populares que contribuem para fortalecer a cultura de doa\u00e7\u00e3o, a solidariedade e a atua\u00e7\u00e3o das organiza\u00e7\u00f5es da sociedade civil, destacando a import\u00e2ncia dos temas para o exerc\u00edcio da cidadania em nosso pa\u00eds.<\/p>\n","protected":false},"excerpt":{"rendered":"<p>A apresentadora da TV Brasil e editora-chefe do Rep\u00f3rter Brasil Tarde, Luciana Barreto, foi homenageada durante a cerim\u00f4nia do 4\u00ba Pr\u00eamio MOL de Jornalismo para a Solidariedade. A jornalista recebeu o Trof\u00e9u Helaine Martins, reconhecimento que destaca sua trajet\u00f3ria comprometida com as quest\u00f5es sociais, raciais e de direitos humanos, al\u00e9m de sua contribui\u00e7\u00e3o para ampliar [&hellip;]<\/p>\n","protected":false},"author":43,"featured_media":27502,"comment_status":"open","ping_status":"open","sticky":false,"template":"","format":"standard","meta":{"site-sidebar-layout":"default","site-content-layout":"","ast-site-content-layout":"default","site-content-style":"default","site-sidebar-style":"default","ast-global-header-display":"","ast-banner-title-visibility":"","ast-main-header-display":"","ast-hfb-above-header-display":"","ast-hfb-below-header-display":"","ast-hfb-mobile-header-display":"","site-post-title":"","ast-breadcrumbs-content":"","ast-featured-img":"","footer-sml-layout":"","ast-disable-related-posts":"","theme-transparent-header-meta":"","adv-header-id-meta":"","stick-header-meta":"","header-above-stick-meta":"","header-main-stick-meta":"","header-below-stick-meta":"","astra-migrate-meta-layouts":"default","ast-page-background-enabled":"default","ast-page-background-meta":{"desktop":{"background-color":"var(--ast-global-color-4)","background-image":"","background-repeat":"repeat","background-position":"center center","background-size":"auto","background-attachment":"scroll","background-type":"","background-media":"","overlay-type":"","overlay-color":"","overlay-opacity":"","overlay-gradient":""},"tablet":{"background-color":"","background-image":"","background-repeat":"repeat","background-position":"center center","background-size":"auto","background-attachment":"scroll","background-type":"","background-media":"","overlay-type":"","overlay-color":"","overlay-opacity":"","overlay-gradient":""},"mobile":{"background-color":"","background-image":"","background-repeat":"repeat","background-position":"center center","background-size":"auto","background-attachment":"scroll","background-type":"","background-media":"","overlay-type":"","overlay-color":"","overlay-opacity":"","overlay-gradient":""}},"ast-content-background-meta":{"desktop":{"background-color":"var(--ast-global-color-5)","background-image":"","background-repeat":"repeat","background-position":"center center","background-size":"auto","background-attachment":"scroll","background-type":"","background-media":"","overlay-type":"","overlay-color":"","overlay-opacity":"","overlay-gradient":""},"tablet":{"background-color":"var(--ast-global-color-5)","background-image":"","background-repeat":"repeat","background-position":"center center","background-size":"auto","background-attachment":"scroll","background-type":"","background-media":"","overlay-type":"","overlay-color":"","overlay-opacity":"","overlay-gradient":""},"mobile":{"background-color":"var(--ast-global-color-5)","background-image":"","background-repeat":"repeat","background-position":"center center","background-size":"auto","background-attachment":"scroll","background-type":"","background-media":"","overlay-type":"","overlay-color":"","overlay-opacity":"","overlay-gradient":""}},"footnotes":""},"categories":[1],"tags":[],"class_list":["post-27501","post","type-post","status-publish","format-standard","has-post-thumbnail","hentry","category-sem-categoria"],"_links":{"self":[{"href":"https:\/\/jornalpacity.com.br\/index.php?rest_route=\/wp\/v2\/posts\/27501","targetHints":{"allow":["GET"]}}],"collection":[{"href":"https:\/\/jornalpacity.com.br\/index.php?rest_route=\/wp\/v2\/posts"}],"about":[{"href":"https:\/\/jornalpacity.com.br\/index.php?rest_route=\/wp\/v2\/types\/post"}],"author":[{"embeddable":true,"href":"https:\/\/jornalpacity.com.br\/index.php?rest_route=\/wp\/v2\/users\/43"}],"replies":[{"embeddable":true,"href":"https:\/\/jornalpacity.com.br\/index.php?rest_route=%2Fwp%2Fv2%2Fcomments&post=27501"}],"version-history":[{"count":0,"href":"https:\/\/jornalpacity.com.br\/index.php?rest_route=\/wp\/v2\/posts\/27501\/revisions"}],"wp:featuredmedia":[{"embeddable":true,"href":"https:\/\/jornalpacity.com.br\/index.php?rest_route=\/wp\/v2\/media\/27502"}],"wp:attachment":[{"href":"https:\/\/jornalpacity.com.br\/index.php?rest_route=%2Fwp%2Fv2%2Fmedia&parent=27501"}],"wp:term":[{"taxonomy":"category","embeddable":true,"href":"https:\/\/jornalpacity.com.br\/index.php?rest_route=%2Fwp%2Fv2%2Fcategories&post=27501"},{"taxonomy":"post_tag","embeddable":true,"href":"https:\/\/jornalpacity.com.br\/index.php?rest_route=%2Fwp%2Fv2%2Ftags&post=27501"}],"curies":[{"name":"wp","href":"https:\/\/api.w.org\/{rel}","templated":true}]}}