{"id":27526,"date":"2026-04-09T22:54:53","date_gmt":"2026-04-10T01:54:53","guid":{"rendered":"https:\/\/jornalpacity.com.br\/?p=27526"},"modified":"2026-04-09T22:54:53","modified_gmt":"2026-04-10T01:54:53","slug":"apos-pane-aeroporto-de-congonhas-vai-operar-ate-meia-noite","status":"publish","type":"post","link":"https:\/\/jornalpacity.com.br\/?p=27526","title":{"rendered":"Ap\u00f3s pane, Aeroporto de Congonhas vai operar at\u00e9 meia-noite"},"content":{"rendered":"<\/p>\n<p><a class=\"\" href=\"https:\/\/agenciabrasil.ebc.com.br\/geral\/noticia\/2026-04\/apos-pane-aeroporto-de-congonhas-vai-operar-ate-meia-noite\"><br \/>\n                    <img decoding=\"async\" src=\"https:\/\/cdn.jsdelivr.net\/gh\/sergiosdlima\/assets-ebc@1.0.0\/abr\/assets\/images\/logo-agenciabrasil.svg\" alt=\"Logo Ag\u00eancia Brasil\"><br \/>\n\t\t\t\t<\/a><\/p>\n<p>A Aena, concession\u00e1ria que opera o Aeroporto de Congonhas, informou que ir\u00e1 operar\u00a0at\u00e9 meia-noite desta quinta-feira (9).<img decoding=\"async\" src=\"https:\/\/agenciabrasil.ebc.com.br\/ebc.png?id=1685478&#038;o=rss\"><img decoding=\"async\" src=\"https:\/\/agenciabrasil.ebc.com.br\/ebc.gif?id=1685478&#038;o=rss\"><\/p>\n<p>A medida foi adotada ap\u00f3s uma pane t\u00e9cnica na manh\u00e3 de hoje\u00a0ter <a href=\"https:\/\/agenciabrasil.ebc.com.br\/geral\/noticia\/2026-04\/pane-tecnica-cancela-pousos-e-decolagens-no-aeroporto-de-congonhas\" target=\"_blank\">provocado o cancelamento de pousos e decolagens no aeroporto<\/a>, localizado na zona sul de S\u00e3o Paulo.\u00a0O problema ocorreu entre as 8h58 e 10h09 no Centro de Controle do Espa\u00e7o A\u00e9reo.\u00a0<\/p>\n<\/p>\n<h3>Not\u00edcias relacionadas:<\/h3>\n<ul>\n<li><a href=\"https:\/\/agenciabrasil.ebc.com.br\/geral\/noticia\/2026-04\/pane-tecnica-cancela-pousos-e-decolagens-no-aeroporto-de-congonhas\">Pane t\u00e9cnica cancela pousos e decolagens no Aeroporto de Congonhas .<\/a><\/li>\n<\/ul>\n<p>A amplia\u00e7\u00e3o do hor\u00e1rio de opera\u00e7\u00f5es foi\u00a0autorizado pelo\u00a0Departamento de Controle do Tr\u00e1fego A\u00e9reo (DECEA), atendendo\u00a0pedido das companhias a\u00e9reas e como forma de reduzir o impacto nos atrasos e cancelamentos de voos.<\/p>\n<p>Durante todo o dia, ao menos 30 voos foram impactados.<\/p>\n<p>A falha deixou inoperantes, al\u00e9m de Congonhas, os aeroportos de Guarulhos, Viracopos e o Campo de Marte.<\/p>\n<p>\u00a0<\/p>\n","protected":false},"excerpt":{"rendered":"<p>A Aena, concession\u00e1ria que opera o Aeroporto de Congonhas, informou que ir\u00e1 operar\u00a0at\u00e9 meia-noite desta quinta-feira (9). A medida foi adotada ap\u00f3s uma pane t\u00e9cnica na manh\u00e3 de hoje\u00a0ter provocado o cancelamento de pousos e decolagens no aeroporto, localizado na zona sul de S\u00e3o Paulo.\u00a0O problema ocorreu entre as 8h58 e 10h09 no Centro de [&hellip;]<\/p>\n","protected":false},"author":22,"featured_media":27527,"comment_status":"open","ping_status":"open","sticky":false,"template":"","format":"standard","meta":{"site-sidebar-layout":"default","site-content-layout":"","ast-site-content-layout":"default","site-content-style":"default","site-sidebar-style":"default","ast-global-header-display":"","ast-banner-title-visibility":"","ast-main-header-display":"","ast-hfb-above-header-display":"","ast-hfb-below-header-display":"","ast-hfb-mobile-header-display":"","site-post-title":"","ast-breadcrumbs-content":"","ast-featured-img":"","footer-sml-layout":"","ast-disable-related-posts":"","theme-transparent-header-meta":"","adv-header-id-meta":"","stick-header-meta":"","header-above-stick-meta":"","header-main-stick-meta":"","header-below-stick-meta":"","astra-migrate-meta-layouts":"default","ast-page-background-enabled":"default","ast-page-background-meta":{"desktop":{"background-color":"var(--ast-global-color-4)","background-image":"","background-repeat":"repeat","background-position":"center center","background-size":"auto","background-attachment":"scroll","background-type":"","background-media":"","overlay-type":"","overlay-color":"","overlay-opacity":"","overlay-gradient":""},"tablet":{"background-color":"","background-image":"","background-repeat":"repeat","background-position":"center center","background-size":"auto","background-attachment":"scroll","background-type":"","background-media":"","overlay-type":"","overlay-color":"","overlay-opacity":"","overlay-gradient":""},"mobile":{"background-color":"","background-image":"","background-repeat":"repeat","background-position":"center center","background-size":"auto","background-attachment":"scroll","background-type":"","background-media":"","overlay-type":"","overlay-color":"","overlay-opacity":"","overlay-gradient":""}},"ast-content-background-meta":{"desktop":{"background-color":"var(--ast-global-color-5)","background-image":"","background-repeat":"repeat","background-position":"center center","background-size":"auto","background-attachment":"scroll","background-type":"","background-media":"","overlay-type":"","overlay-color":"","overlay-opacity":"","overlay-gradient":""},"tablet":{"background-color":"var(--ast-global-color-5)","background-image":"","background-repeat":"repeat","background-position":"center center","background-size":"auto","background-attachment":"scroll","background-type":"","background-media":"","overlay-type":"","overlay-color":"","overlay-opacity":"","overlay-gradient":""},"mobile":{"background-color":"var(--ast-global-color-5)","background-image":"","background-repeat":"repeat","background-position":"center center","background-size":"auto","background-attachment":"scroll","background-type":"","background-media":"","overlay-type":"","overlay-color":"","overlay-opacity":"","overlay-gradient":""}},"footnotes":""},"categories":[1],"tags":[],"class_list":["post-27526","post","type-post","status-publish","format-standard","has-post-thumbnail","hentry","category-sem-categoria"],"_links":{"self":[{"href":"https:\/\/jornalpacity.com.br\/index.php?rest_route=\/wp\/v2\/posts\/27526","targetHints":{"allow":["GET"]}}],"collection":[{"href":"https:\/\/jornalpacity.com.br\/index.php?rest_route=\/wp\/v2\/posts"}],"about":[{"href":"https:\/\/jornalpacity.com.br\/index.php?rest_route=\/wp\/v2\/types\/post"}],"author":[{"embeddable":true,"href":"https:\/\/jornalpacity.com.br\/index.php?rest_route=\/wp\/v2\/users\/22"}],"replies":[{"embeddable":true,"href":"https:\/\/jornalpacity.com.br\/index.php?rest_route=%2Fwp%2Fv2%2Fcomments&post=27526"}],"version-history":[{"count":0,"href":"https:\/\/jornalpacity.com.br\/index.php?rest_route=\/wp\/v2\/posts\/27526\/revisions"}],"wp:featuredmedia":[{"embeddable":true,"href":"https:\/\/jornalpacity.com.br\/index.php?rest_route=\/wp\/v2\/media\/27527"}],"wp:attachment":[{"href":"https:\/\/jornalpacity.com.br\/index.php?rest_route=%2Fwp%2Fv2%2Fmedia&parent=27526"}],"wp:term":[{"taxonomy":"category","embeddable":true,"href":"https:\/\/jornalpacity.com.br\/index.php?rest_route=%2Fwp%2Fv2%2Fcategories&post=27526"},{"taxonomy":"post_tag","embeddable":true,"href":"https:\/\/jornalpacity.com.br\/index.php?rest_route=%2Fwp%2Fv2%2Ftags&post=27526"}],"curies":[{"name":"wp","href":"https:\/\/api.w.org\/{rel}","templated":true}]}}