{"id":27552,"date":"2026-04-10T14:54:35","date_gmt":"2026-04-10T17:54:35","guid":{"rendered":"https:\/\/jornalpacity.com.br\/?p=27552"},"modified":"2026-04-10T14:54:35","modified_gmt":"2026-04-10T17:54:35","slug":"brasil-e-eua-anunciam-acordo-de-combate-ao-trafico-de-armas-e-drogas","status":"publish","type":"post","link":"https:\/\/jornalpacity.com.br\/?p=27552","title":{"rendered":"Brasil e EUA anunciam acordo de combate ao tr\u00e1fico de armas e drogas"},"content":{"rendered":"<\/p>\n<p><a class=\"\" href=\"https:\/\/agenciabrasil.ebc.com.br\/politica\/noticia\/2026-04\/brasil-e-eua-anunciam-acordo-de-combate-ao-trafico-de-armas-e-drogas\"><br \/>\n                    <img decoding=\"async\" src=\"https:\/\/cdn.jsdelivr.net\/gh\/sergiosdlima\/assets-ebc@1.0.0\/abr\/assets\/images\/logo-agenciabrasil.svg\" alt=\"Logo Ag\u00eancia Brasil\"><br \/>\n\t\t\t\t<\/a><\/p>\n<p><strong>Brasil e Estados Unidos anunciaram um acordo de coopera\u00e7\u00e3o m\u00fatua visando o combate ao tr\u00e1fico internacional de armas e drogas.<\/strong><img decoding=\"async\" src=\"https:\/\/agenciabrasil.ebc.com.br\/ebc.png?id=1685571&#038;o=rss\"><img decoding=\"async\" src=\"https:\/\/agenciabrasil.ebc.com.br\/ebc.gif?id=1685571&#038;o=rss\"><\/p>\n<p>A parceria prev\u00ea, de maneira constante, por meio digital, o compartilhamento de informa\u00e7\u00f5es sobre apreens\u00f5es feitas nas aduanas dos dois pa\u00edses, de forma a viabilizar uma investiga\u00e7\u00e3o c\u00e9lere de padr\u00f5es, rotas e v\u00ednculos entre remetentes e destinat\u00e1rios de produtos il\u00edcitos.<\/p>\n<\/p>\n<h3>Not\u00edcias relacionadas:<\/h3>\n<ul>\n<li><a href=\"https:\/\/agenciabrasil.ebc.com.br\/economia\/noticia\/2026-04\/inflacao-oficial-chega-088-em-marco-diz-ibge\">Infla\u00e7\u00e3o oficial chega a 0,88% em mar\u00e7o, diz IBGE .<\/a><\/li>\n<li><a href=\"https:\/\/agenciabrasil.ebc.com.br\/justica\/noticia\/2026-04\/justica-mantem-liminar-que-derruba-imposto-na-exportacao-de-petroleo\">Justi\u00e7a mant\u00e9m liminar que derruba imposto na exporta\u00e7\u00e3o de petr\u00f3leo.<\/a><\/li>\n<li><a href=\"https:\/\/agenciabrasil.ebc.com.br\/economia\/noticia\/2026-04\/pesquisa-revela-que-brasileiro-prefere-emprego-com-carteira-assinada\">Pesquisa mostra que brasileiro prefere emprego com carteira assinada.<\/a><\/li>\n<\/ul>\n<p>A parceria\u00a0entre a Receita Federal brasileira e o U.S. Customs and Border Protection (CBP, a ag\u00eancia de fronteiras dos EUA) foi detalhada nesta sexta-feira (10), ap\u00f3s reuni\u00e3o de autoridades dos dois pa\u00edses no Minist\u00e9rio da Fazenda.<\/p>\n<p>Segundo o ministro Dario Durigan, ao facilitar esse \u201ccompartilhamento qualificado de informa\u00e7\u00f5es\u201d entre Brasil e EUA, <strong>os dois pa\u00edses ter\u00e3o melhores condi\u00e7\u00f5es de executar, de forma articulada, a\u00e7\u00f5es n\u00e3o apenas no destino, mas tamb\u00e9m na origem das cargas il\u00edcitas.<\/strong><\/p>\n<p>\u201cTrata-se de um passo relevante que estamos dando ap\u00f3s a conversa entre Lula e Trump, visando o combate ao crime organizado nos dois pa\u00edses\u201d, disse o ministro, ao ressaltar que esse compartilhamento rec\u00edproco de informa\u00e7\u00f5es ser\u00e1 implementado nas aduanas dos dois pa\u00edses.<\/p>\n<p><strong>Drogas, armas ou pe\u00e7as de armas apreendidas em cont\u00eaineres de navios ou em aeroportos possibilitar\u00e3o\u00a0aos investigadores\u00a0identificar e trocar informa\u00e7\u00f5es sobre os m\u00e9todos cada vez mais sofisticados de oculta\u00e7\u00e3o de armas de fogo ou droga<\/strong><\/p>\n<h2>Raio-X<\/h2>\n<div class=\"dnd-widget-wrapper context-medio_4colunas type-image atom-align-right\">\n<div class=\"dnd-atom-rendered\"><!-- scald=459086:medio_4colunas {\"additionalClasses\":\"\"} --><br \/>\n            <img decoding=\"async\" src=\"https:\/\/agenciabrasil.ebc.com.br\/sites\/default\/files\/thumbnails\/image\/loading_v2.gif\" data-echo=\"https:\/\/imagens.ebc.com.br\/iu0kPCHKD0kEhKc5qIMipO6oBPE=\/365x0\/smart\/https:\/\/agenciabrasil.ebc.com.br\/sites\/default\/files\/thumbnails\/image\/2026\/04\/10\/_raf7922.jpg?itok=8chiZ2b7\" alt=\"10\/04\/2026 - Bras\u00edlia\/DF - O ministro da Fazenda, Dario Durigan, anuncia a Coopera\u00e7\u00e3o M\u00fatua entre a Receita Federal do Brasil (RFB) e o U.S. Customs and Border Protection (CBP), ag\u00eancia de fronteiras dos Estados Unidos, para o combate ao crime transnacional.  Na foto o ministro da Fazenda, Dario Durigan (e), e o secret\u00e1rio especial da Receita Federal, Robinson Barreirinhas (d).  Foto: Rafa Neddermeyer\/Ag\u00eancia Brasil\" title=\"Rafa Neddermeyer\/Ag\u00eancia Brasil\"><br \/>\n        <noscript><img decoding=\"async\" src=\"https:\/\/imagens.ebc.com.br\/iu0kPCHKD0kEhKc5qIMipO6oBPE=\/365x0\/smart\/https:\/\/agenciabrasil.ebc.com.br\/sites\/default\/files\/thumbnails\/image\/2026\/04\/10\/_raf7922.jpg?itok=8chiZ2b7\" alt=\"10\/04\/2026 - Bras\u00edlia\/DF - O ministro da Fazenda, Dario Durigan, anuncia a Coopera\u00e7\u00e3o M\u00fatua entre a Receita Federal do Brasil (RFB) e o U.S. Customs and Border Protection (CBP), ag\u00eancia de fronteiras dos Estados Unidos, para o combate ao crime transnacional.  Na foto o ministro da Fazenda, Dario Durigan (e), e o secret\u00e1rio especial da Receita Federal, Robinson Barreirinhas (d).  Foto: Rafa Neddermeyer\/Ag\u00eancia Brasil\" title=\"Rafa Neddermeyer\/Ag\u00eancia Brasil\"><\/noscript><br \/>\n    <!-- END scald=459086 --><\/div>\n<div class=\"dnd-caption-wrapper\">\n<h6 class=\"meta\"><!--copyright=459086-->Robinson Barreirinhas (direta) conta que o uso de raio-x tem aumentado as apreens\u00f5es- <strong>Rafa Neddermeyer\/Ag\u00eancia Brasil<\/strong><!--END copyright=459086--><\/h6>\n<\/div>\n<\/div>\n<p>De acordo com o secret\u00e1rio da Receita Federal, Robinson Barreirinhas, algumas tecnologias recentes com uso de raio-x em cont\u00eaineres t\u00eam ajudado a aumentar a quantidade de apreens\u00f5es de pe\u00e7as destinadas \u00e0 montagem de armamentos.<\/p>\n<p>De acordo com o secret\u00e1rio, do lado brasileiro, todos os cont\u00eaineres que saem s\u00e3o escaneados.<\/p>\n<blockquote>\n<p>\u201cComo \u00e9 mais f\u00e1cil identificarmos as armas\u00a0por meio de raio-x, essas organiza\u00e7\u00f5es criminosas transnacionais t\u00eam adotado a estrat\u00e9gia de enviar pe\u00e7as. Por isso as apreens\u00f5es de pe\u00e7as t\u00eam aumentado\u201d, disse o secret\u00e1rio.<\/p>\n<\/blockquote>\n<p>A reuni\u00e3o com as autoridades dos EUA contou tamb\u00e9m com a participa\u00e7\u00e3o do diretor-geral da PF, Andrei Rodrigues. Segundo ele, mais de 1,1 mil\u00a0armas e pe\u00e7as de armamentos foram apreendidos nos \u00faltimos 12 meses nas aduanas brasileiras.<\/p>\n<p>\u201cE, no primeiro trimestre de 2026, apreendemos mais de 1,5 mil\u00a0toneladas de drogas vindas dos EUA\u201d, acrescentou. De acordo com a PF, as drogas apreendidas foram basicamente sint\u00e9ticas e haxixe.<\/p>\n<h2>Desarma<\/h2>\n<p>O acordo entre Brasil e EUA tem como uma das principais entregas o lan\u00e7amento do Programa Desarma, que \u00e9 o sistema informatizado da Receita Federal que amplia a capacidade de rastreamento internacional de armas e materiais sens\u00edveis.<\/p>\n<p>Sempre que a aduana brasileira identifica produtos de origem americana relacionados a armas, muni\u00e7\u00f5es, pe\u00e7as, componentes, explosivos e outros itens sens\u00edveis e vice-versa, essa ferramenta registra e organiza \u201cdados estrat\u00e9gicos das apreens\u00f5es&#8221;.<\/p>\n<p>As informa\u00e7\u00f5es registradas s\u00e3o itens como\u00a0material, origem declarada, informa\u00e7\u00f5es log\u00edsticas da carga e eventuais identificadores ou n\u00fameros de s\u00e9rie, que permitem\u00a0o rastreamento da origem desses produtos e o mapeamento de redes il\u00edcitas de com\u00e9rcio internacional de armas.<\/p>\n","protected":false},"excerpt":{"rendered":"<p>Brasil e Estados Unidos anunciaram um acordo de coopera\u00e7\u00e3o m\u00fatua visando o combate ao tr\u00e1fico internacional de armas e drogas. A parceria prev\u00ea, de maneira constante, por meio digital, o compartilhamento de informa\u00e7\u00f5es sobre apreens\u00f5es feitas nas aduanas dos dois pa\u00edses, de forma a viabilizar uma investiga\u00e7\u00e3o c\u00e9lere de padr\u00f5es, rotas e v\u00ednculos entre remetentes [&hellip;]<\/p>\n","protected":false},"author":33,"featured_media":27553,"comment_status":"open","ping_status":"open","sticky":false,"template":"","format":"standard","meta":{"site-sidebar-layout":"default","site-content-layout":"","ast-site-content-layout":"default","site-content-style":"default","site-sidebar-style":"default","ast-global-header-display":"","ast-banner-title-visibility":"","ast-main-header-display":"","ast-hfb-above-header-display":"","ast-hfb-below-header-display":"","ast-hfb-mobile-header-display":"","site-post-title":"","ast-breadcrumbs-content":"","ast-featured-img":"","footer-sml-layout":"","ast-disable-related-posts":"","theme-transparent-header-meta":"","adv-header-id-meta":"","stick-header-meta":"","header-above-stick-meta":"","header-main-stick-meta":"","header-below-stick-meta":"","astra-migrate-meta-layouts":"default","ast-page-background-enabled":"default","ast-page-background-meta":{"desktop":{"background-color":"var(--ast-global-color-4)","background-image":"","background-repeat":"repeat","background-position":"center center","background-size":"auto","background-attachment":"scroll","background-type":"","background-media":"","overlay-type":"","overlay-color":"","overlay-opacity":"","overlay-gradient":""},"tablet":{"background-color":"","background-image":"","background-repeat":"repeat","background-position":"center center","background-size":"auto","background-attachment":"scroll","background-type":"","background-media":"","overlay-type":"","overlay-color":"","overlay-opacity":"","overlay-gradient":""},"mobile":{"background-color":"","background-image":"","background-repeat":"repeat","background-position":"center center","background-size":"auto","background-attachment":"scroll","background-type":"","background-media":"","overlay-type":"","overlay-color":"","overlay-opacity":"","overlay-gradient":""}},"ast-content-background-meta":{"desktop":{"background-color":"var(--ast-global-color-5)","background-image":"","background-repeat":"repeat","background-position":"center center","background-size":"auto","background-attachment":"scroll","background-type":"","background-media":"","overlay-type":"","overlay-color":"","overlay-opacity":"","overlay-gradient":""},"tablet":{"background-color":"var(--ast-global-color-5)","background-image":"","background-repeat":"repeat","background-position":"center center","background-size":"auto","background-attachment":"scroll","background-type":"","background-media":"","overlay-type":"","overlay-color":"","overlay-opacity":"","overlay-gradient":""},"mobile":{"background-color":"var(--ast-global-color-5)","background-image":"","background-repeat":"repeat","background-position":"center center","background-size":"auto","background-attachment":"scroll","background-type":"","background-media":"","overlay-type":"","overlay-color":"","overlay-opacity":"","overlay-gradient":""}},"footnotes":""},"categories":[4],"tags":[],"class_list":["post-27552","post","type-post","status-publish","format-standard","has-post-thumbnail","hentry","category-politica"],"_links":{"self":[{"href":"https:\/\/jornalpacity.com.br\/index.php?rest_route=\/wp\/v2\/posts\/27552","targetHints":{"allow":["GET"]}}],"collection":[{"href":"https:\/\/jornalpacity.com.br\/index.php?rest_route=\/wp\/v2\/posts"}],"about":[{"href":"https:\/\/jornalpacity.com.br\/index.php?rest_route=\/wp\/v2\/types\/post"}],"author":[{"embeddable":true,"href":"https:\/\/jornalpacity.com.br\/index.php?rest_route=\/wp\/v2\/users\/33"}],"replies":[{"embeddable":true,"href":"https:\/\/jornalpacity.com.br\/index.php?rest_route=%2Fwp%2Fv2%2Fcomments&post=27552"}],"version-history":[{"count":0,"href":"https:\/\/jornalpacity.com.br\/index.php?rest_route=\/wp\/v2\/posts\/27552\/revisions"}],"wp:featuredmedia":[{"embeddable":true,"href":"https:\/\/jornalpacity.com.br\/index.php?rest_route=\/wp\/v2\/media\/27553"}],"wp:attachment":[{"href":"https:\/\/jornalpacity.com.br\/index.php?rest_route=%2Fwp%2Fv2%2Fmedia&parent=27552"}],"wp:term":[{"taxonomy":"category","embeddable":true,"href":"https:\/\/jornalpacity.com.br\/index.php?rest_route=%2Fwp%2Fv2%2Fcategories&post=27552"},{"taxonomy":"post_tag","embeddable":true,"href":"https:\/\/jornalpacity.com.br\/index.php?rest_route=%2Fwp%2Fv2%2Ftags&post=27552"}],"curies":[{"name":"wp","href":"https:\/\/api.w.org\/{rel}","templated":true}]}}