{"id":27562,"date":"2026-04-10T17:54:27","date_gmt":"2026-04-10T20:54:27","guid":{"rendered":"https:\/\/jornalpacity.com.br\/?p=27562"},"modified":"2026-04-10T17:54:27","modified_gmt":"2026-04-10T20:54:27","slug":"previa-da-carga-tributaria-sobe-para-324-do-pib-em-2025","status":"publish","type":"post","link":"https:\/\/jornalpacity.com.br\/?p=27562","title":{"rendered":"Pr\u00e9via da carga tribut\u00e1ria sobe para 32,4% do PIB em 2025"},"content":{"rendered":"<\/p>\n<p><a class=\"\" href=\"https:\/\/agenciabrasil.ebc.com.br\/economia\/noticia\/2026-04\/previa-da-carga-tributaria-sobe-para-324-do-pib-em-2025\"><br \/>\n                    <img decoding=\"async\" src=\"https:\/\/cdn.jsdelivr.net\/gh\/sergiosdlima\/assets-ebc@1.0.0\/abr\/assets\/images\/logo-agenciabrasil.svg\" alt=\"Logo Ag\u00eancia Brasil\"><br \/>\n\t\t\t\t<\/a><\/p>\n<p><strong>A pr\u00e9via da carga tribut\u00e1ria (peso dos impostos e demais tributos sobre a economia) subiu para 32,4% do Produto Interno Bruto (PIB) em 2025, divulgou nesta sexta-feira (10) o Tesouro Nacional.<\/strong> Em 2024, o mesmo indicador tinha atingido 32,22%, diferen\u00e7a de 0,18 ponto percentual.<img decoding=\"async\" src=\"https:\/\/agenciabrasil.ebc.com.br\/ebc.png?id=1685588&#038;o=rss\"><img decoding=\"async\" src=\"https:\/\/agenciabrasil.ebc.com.br\/ebc.gif?id=1685588&#038;o=rss\"><\/p>\n<p><strong>Esse foi o maior valor da s\u00e9rie hist\u00f3rica, que come\u00e7ou em 2010.<\/strong> Segundo o Tesouro, v\u00e1rios fatores pesaram para o aumento da carga tribut\u00e1ria. O principal foi o crescimento da economia e do emprego formal, que aumentou a arrecada\u00e7\u00e3o de Imposto de Renda Retido na Fonte (IRRF) em 0,23 ponto percentual do PIB e a arrecada\u00e7\u00e3o da Previd\u00eancia Social em 0,12 ponto percentual.<\/p>\n<\/p>\n<h3>Not\u00edcias relacionadas:<\/h3>\n<ul>\n<li><a href=\"https:\/\/agenciabrasil.ebc.com.br\/economia\/noticia\/2026-04\/caixa-libera-vale-recarga-do-programa-gas-do-povo-206-mil-familias\">Caixa libera vale-recarga do programa G\u00e1s do Povo a 206 mil fam\u00edlias.<\/a><\/li>\n<li><a href=\"https:\/\/agenciabrasil.ebc.com.br\/economia\/noticia\/2026-04\/acao-do-governo-freia-alta-passagem-aerea-diz-presidente-da-anac\">A\u00e7\u00e3o do governo freia alta de passagem a\u00e9rea, diz presidente da Anac.<\/a><\/li>\n<li><a href=\"https:\/\/agenciabrasil.ebc.com.br\/economia\/noticia\/2026-04\/revendedora-vibra-adere-subvencao-para-baixar-preco-do-diesel\">Revendedora Vibra adere \u00e0 subven\u00e7\u00e3o para baixar pre\u00e7o do diesel.<\/a><\/li>\n<\/ul>\n<p>A eleva\u00e7\u00e3o do Imposto sobre Opera\u00e7\u00f5es Financeiras (IOF) tamb\u00e9m fez a pr\u00e9via da carga tribut\u00e1ria subir 0,1 ponto percentual. No ano passado, o governo elevou o IOF sobre opera\u00e7\u00f5es cambiais e de cr\u00e9dito e sobre a sa\u00edda de moeda estrangeira. A medida chegou a ser derrubada pelo Congresso, mas foi parcialmente <a href=\"https:\/\/agenciabrasil.ebc.com.br\/justica\/noticia\/2025-07\/stf-alexandre-de-moraes-decide-validar-decreto-do-iof\" target=\"_blank\">mantida pelo Supremo Tribunal Federal<\/a>.<\/p>\n<p>Em contrapartida, a participa\u00e7\u00e3o dos impostos sobre bens e servi\u00e7os federais, que incide sobre o consumo, caiu 0,02 ponto percentual em 2025. Embora o valor nominal tenha subido, a participa\u00e7\u00e3o no PIB recuou.<\/p>\n<p>Em \u00e2mbito estadual, a receita do Imposto sobre a Circula\u00e7\u00e3o de Mercadorias e Servi\u00e7os (ICMS), tributo que mais arrecada no pa\u00eds e tamb\u00e9m est\u00e1 relacionado ao consumo, caiu 0,09 ponto percentual do PIB em 2025, mesmo com o aumento nominal da arrecada\u00e7\u00e3o. Segundo o Tesouro Nacional, esse movimento reflete a composi\u00e7\u00e3o do crescimento econ\u00f4mico em 2025, concentrado em setores sobre os quais n\u00e3o h\u00e1 incid\u00eancia do ICMS ou a incid\u00eancia \u00e9 reduzida.<\/p>\n<p>Na esfera municipal, a receita do Imposto sobre Servi\u00e7os (ISS) subiu 0,02\u00a0ponto percentual do PIB, impulsionada pelo crescimento de 2,9% no volume de servi\u00e7os em 2025.<\/p>\n<p><a href=\"https:\/\/www.whatsapp.com\/channel\/0029VaoRTgrInlqYLSk59B2M\" target=\"_blank\">>> Siga o canal da <strong>Ag\u00eancia Brasil <\/strong>no WhatsApp<\/a><\/p>\n<h2>Esferas de governo<\/h2>\n<p>A carga tribut\u00e1ria do governo federal subiu 0,26 ponto percentual em 2025, de 21,34% para 21,6% do PIB. O peso dos impostos estaduais recuou 0,1 ponto, de 8,48% para 8,38% do PIB. Nos governos municipais, a arrecada\u00e7\u00e3o de impostos subiu 0,03\u00a0ponto percentual, de 2,39% para 2,42% do PIB, puxada por aumentos no Imposto sobre a Propriedade de Ve\u00edculos Automotores (IPVA) e pelo ISS.<\/p>\n<h2>Classifica\u00e7\u00e3o econ\u00f4mica<\/h2>\n<p>Ao somar as tr\u00eas esferas de governo (federal, estadual e municipal), os Impostos sobre bens e servi\u00e7os ca\u00edram 0,09 ponto percentual do PIB em rela\u00e7\u00e3o a 2024, passando de 13,87% para 13,78%. No entanto, os Impostos sobre renda, lucros e ganhos de capital subiram de 9,04% para 9,16% do PIB, alta de 0,12 ponto em rela\u00e7\u00e3o ao ano anterior.<\/p>\n<p>A arrecada\u00e7\u00e3o dos impostos sobre a propriedade subiu 0,02 ponto, de 1,71% para 1,73% do PIB. A receita dos impostos sobre a folha de pagamento e a m\u00e3o de obra subiu 0,01 ponto, de 0,3% para 0,31% do PIB. Por causa do crescimento das importa\u00e7\u00f5es, os impostos sobre o com\u00e9rcio externo e as transa\u00e7\u00f5es internacionais avan\u00e7aram 0,05 ponto, de 0,66% para 0,71% do PIB.<\/p>\n<p>O peso das contribui\u00e7\u00f5es sociais sobre o PIB subiu de 6,63% para 6,72% do PIB. A alta de 0,09\u00a0ponto percentual foi motivada principalmente pela arrecada\u00e7\u00e3o da contribui\u00e7\u00e3o para a Previd\u00eancia Social, que subiu de 5,28% para 5,4% do PIB, puxada pela recupera\u00e7\u00e3o do mercado de trabalho.<\/p>\n<p>Em mar\u00e7o ou abril, o Tesouro divulga uma estimativa pr\u00f3pria da carga tribut\u00e1ria do ano anterior. Segundo o Minist\u00e9rio da Fazenda, a elabora\u00e7\u00e3o de uma pr\u00e9via da carga tribut\u00e1ria \u00e9 necess\u00e1ria porque os dados s\u00e3o inclu\u00eddos na presta\u00e7\u00e3o de contas da Presid\u00eancia da Rep\u00fablica. O n\u00famero oficial, divulgado pela Receita Federal, s\u00f3 sai ao longo do segundo semestre.<\/p>\n","protected":false},"excerpt":{"rendered":"<p>A pr\u00e9via da carga tribut\u00e1ria (peso dos impostos e demais tributos sobre a economia) subiu para 32,4% do Produto Interno Bruto (PIB) em 2025, divulgou nesta sexta-feira (10) o Tesouro Nacional. Em 2024, o mesmo indicador tinha atingido 32,22%, diferen\u00e7a de 0,18 ponto percentual. Esse foi o maior valor da s\u00e9rie hist\u00f3rica, que come\u00e7ou em [&hellip;]<\/p>\n","protected":false},"author":41,"featured_media":27563,"comment_status":"open","ping_status":"open","sticky":false,"template":"","format":"standard","meta":{"site-sidebar-layout":"default","site-content-layout":"","ast-site-content-layout":"default","site-content-style":"default","site-sidebar-style":"default","ast-global-header-display":"","ast-banner-title-visibility":"","ast-main-header-display":"","ast-hfb-above-header-display":"","ast-hfb-below-header-display":"","ast-hfb-mobile-header-display":"","site-post-title":"","ast-breadcrumbs-content":"","ast-featured-img":"","footer-sml-layout":"","ast-disable-related-posts":"","theme-transparent-header-meta":"","adv-header-id-meta":"","stick-header-meta":"","header-above-stick-meta":"","header-main-stick-meta":"","header-below-stick-meta":"","astra-migrate-meta-layouts":"default","ast-page-background-enabled":"default","ast-page-background-meta":{"desktop":{"background-color":"var(--ast-global-color-4)","background-image":"","background-repeat":"repeat","background-position":"center center","background-size":"auto","background-attachment":"scroll","background-type":"","background-media":"","overlay-type":"","overlay-color":"","overlay-opacity":"","overlay-gradient":""},"tablet":{"background-color":"","background-image":"","background-repeat":"repeat","background-position":"center center","background-size":"auto","background-attachment":"scroll","background-type":"","background-media":"","overlay-type":"","overlay-color":"","overlay-opacity":"","overlay-gradient":""},"mobile":{"background-color":"","background-image":"","background-repeat":"repeat","background-position":"center center","background-size":"auto","background-attachment":"scroll","background-type":"","background-media":"","overlay-type":"","overlay-color":"","overlay-opacity":"","overlay-gradient":""}},"ast-content-background-meta":{"desktop":{"background-color":"var(--ast-global-color-5)","background-image":"","background-repeat":"repeat","background-position":"center center","background-size":"auto","background-attachment":"scroll","background-type":"","background-media":"","overlay-type":"","overlay-color":"","overlay-opacity":"","overlay-gradient":""},"tablet":{"background-color":"var(--ast-global-color-5)","background-image":"","background-repeat":"repeat","background-position":"center center","background-size":"auto","background-attachment":"scroll","background-type":"","background-media":"","overlay-type":"","overlay-color":"","overlay-opacity":"","overlay-gradient":""},"mobile":{"background-color":"var(--ast-global-color-5)","background-image":"","background-repeat":"repeat","background-position":"center center","background-size":"auto","background-attachment":"scroll","background-type":"","background-media":"","overlay-type":"","overlay-color":"","overlay-opacity":"","overlay-gradient":""}},"footnotes":""},"categories":[46],"tags":[],"class_list":["post-27562","post","type-post","status-publish","format-standard","has-post-thumbnail","hentry","category-economia"],"_links":{"self":[{"href":"https:\/\/jornalpacity.com.br\/index.php?rest_route=\/wp\/v2\/posts\/27562","targetHints":{"allow":["GET"]}}],"collection":[{"href":"https:\/\/jornalpacity.com.br\/index.php?rest_route=\/wp\/v2\/posts"}],"about":[{"href":"https:\/\/jornalpacity.com.br\/index.php?rest_route=\/wp\/v2\/types\/post"}],"author":[{"embeddable":true,"href":"https:\/\/jornalpacity.com.br\/index.php?rest_route=\/wp\/v2\/users\/41"}],"replies":[{"embeddable":true,"href":"https:\/\/jornalpacity.com.br\/index.php?rest_route=%2Fwp%2Fv2%2Fcomments&post=27562"}],"version-history":[{"count":0,"href":"https:\/\/jornalpacity.com.br\/index.php?rest_route=\/wp\/v2\/posts\/27562\/revisions"}],"wp:featuredmedia":[{"embeddable":true,"href":"https:\/\/jornalpacity.com.br\/index.php?rest_route=\/wp\/v2\/media\/27563"}],"wp:attachment":[{"href":"https:\/\/jornalpacity.com.br\/index.php?rest_route=%2Fwp%2Fv2%2Fmedia&parent=27562"}],"wp:term":[{"taxonomy":"category","embeddable":true,"href":"https:\/\/jornalpacity.com.br\/index.php?rest_route=%2Fwp%2Fv2%2Fcategories&post=27562"},{"taxonomy":"post_tag","embeddable":true,"href":"https:\/\/jornalpacity.com.br\/index.php?rest_route=%2Fwp%2Fv2%2Ftags&post=27562"}],"curies":[{"name":"wp","href":"https:\/\/api.w.org\/{rel}","templated":true}]}}