{"id":27584,"date":"2026-04-10T20:54:25","date_gmt":"2026-04-10T23:54:25","guid":{"rendered":"https:\/\/jornalpacity.com.br\/?p=27584"},"modified":"2026-04-10T20:54:25","modified_gmt":"2026-04-10T23:54:25","slug":"lula-quer-incluir-inadimplentes-do-fies-em-pacote-contra-endividamento","status":"publish","type":"post","link":"https:\/\/jornalpacity.com.br\/?p=27584","title":{"rendered":"Lula quer incluir inadimplentes do FIES em pacote contra endividamento"},"content":{"rendered":"<\/p>\n<p><a class=\"\" href=\"https:\/\/agenciabrasil.ebc.com.br\/politica\/noticia\/2026-04\/lula-quer-incluir-inadimplentes-do-fies-em-pacote-contra-endividamento\"><br \/>\n                    <img decoding=\"async\" src=\"https:\/\/cdn.jsdelivr.net\/gh\/sergiosdlima\/assets-ebc@1.0.0\/abr\/assets\/images\/logo-agenciabrasil.svg\" alt=\"Logo Ag\u00eancia Brasil\"><br \/>\n\t\t\t\t<\/a><\/p>\n<p><strong>O presidente da Rep\u00fablica, Luiz In\u00e1cio Lula da Silva, disse nesta sexta-feira (10) que dever\u00e1 incluir no pacote de medidas do governo federal contra o endividamento os estudantes que est\u00e3o em atraso com os pagamentos do Fundo de Financiamento ao Estudante do Ensino Superior (FIES). <\/strong>Lula, no entanto, n\u00e3o detalhou como ocorreria o processo de renegocia\u00e7\u00e3o dessas d\u00edvidas.<img decoding=\"async\" src=\"https:\/\/agenciabrasil.ebc.com.br\/ebc.png?id=1685616&#038;o=rss\"><img decoding=\"async\" src=\"https:\/\/agenciabrasil.ebc.com.br\/ebc.gif?id=1685616&#038;o=rss\"><\/p>\n<p>\u201cEst\u00e1 aumentando o endividamento dos meninos do FIES. E n\u00f3s vamos ter que colocar eles tamb\u00e9m na nossa negocia\u00e7\u00e3o de endividamento. A gente n\u00e3o pode tirar o sonho de um jovem que est\u00e1 devendo o seu curso universit\u00e1rio\u201d, disse Lula, ao inaugurar, em Sorocaba (SP), uma nova unidade do Instituto Federal de S\u00e3o Paulo (IFSP).<\/p>\n<\/p>\n<h3>Not\u00edcias relacionadas:<\/h3>\n<ul>\n<li><a href=\"https:\/\/agenciabrasil.ebc.com.br\/politica\/noticia\/2026-04\/congresso-vota-em-30-de-abril-veto-de-lula-pl-da-dosimetria\">Congresso vota em 30 de abril veto de Lula a PL da Dosimetria .<\/a><\/li>\n<li><a href=\"https:\/\/agenciabrasil.ebc.com.br\/politica\/noticia\/2026-04\/brasil-e-eua-anunciam-acordo-de-combate-ao-trafico-de-armas-e-drogas\">Brasil e EUA anunciam acordo de combate ao tr\u00e1fico de armas e drogas.<\/a><\/li>\n<li><a href=\"https:\/\/agenciabrasil.ebc.com.br\/politica\/noticia\/2026-04\/sabatina-de-jorge-messias-para-vaga-no-stf-sera-dia-29\">Sabatina de Jorge Messias para vaga no STF ser\u00e1 dia 29 de abril.<\/a><\/li>\n<\/ul>\n<p>\u201cEle [o estudante] vai pagar a d\u00edvida dele sendo um profissional competente, porque se ele for um profissional competente, ele vai melhorar a qualidade produtiva do nosso pa\u00eds&#8221;, ressaltou o presidente.\u00a0<\/p>\n<p>Dados do Minist\u00e9rio da Educa\u00e7\u00e3o (MEC), de outubro de 2025, mostram que\u00a0<a href=\"https:\/\/agenciabrasil.ebc.com.br\/educacao\/noticia\/2025-10\/renegociacao-de-dividas-do-fies-comeca-neste-sabado-1o\" target=\"_blank\">160 mil estudantes est\u00e3o com parcelas em atraso no FIES<\/a>, o que representa R$ 1,8 bilh\u00e3o em saldo devedor.<\/p>\n<h2>Investimento<\/h2>\n<p>O presidente voltou a frisar que os recursos destinados \u00e0 educa\u00e7\u00e3o devem ser vistos como investimento e n\u00e3o como gasto. Lula refor\u00e7ou que mant\u00e9m a convic\u00e7\u00e3o de que o desenvolvimento do pa\u00eds est\u00e1 diretamente ligado \u00e0 amplia\u00e7\u00e3o da educa\u00e7\u00e3o no pa\u00eds.<\/p>\n<p>\u201cNingu\u00e9m tirar\u00e1 de mim a convic\u00e7\u00e3o de que n\u00e3o existe outra sa\u00edda para que o Brasil se defina como um pa\u00eds altamente desenvolvido do ponto de vista democr\u00e1tico, do ponto de vista civilizat\u00f3rio, do ponto de vista tecnol\u00f3gico, do ponto de vista econ\u00f4mico, a n\u00e3o ser fazer investimento na educa\u00e7\u00e3o\u201d.\u00a0<\/p>\n<p>O presidente comparou os recursos necess\u00e1rios para a manuten\u00e7\u00e3o de um estudante e de uma pessoa encarcerada.<\/p>\n<blockquote>\n<p>\u201cUm prisioneiro, no pres\u00eddio federal de seguran\u00e7a m\u00e1xima, custa R$ 40 mil reais por ano. Nas outras cadeias, R$ 35 mil reais por ano. Um estudante, no Instituto Federal, custa 16 mil reais por ano, ou seja, metade do que custa um bandido\u201d, disse.<\/p>\n<\/blockquote>\n<p>\u201cA gente investe em bandido quando a gente n\u00e3o investe na educa\u00e7\u00e3o\u201d, acrescentou.<\/p>\n<h2>Emendas parlamentares<\/h2>\n<p>Em seu discurso, o presidente sugeriu que cada deputado federal e cada senador se comprometa\u00a0a utilizar as emendas parlamentares para a cria\u00e7\u00e3o de uma escola no pa\u00eds. Segundo Lula, se os parlamentares adotassem a ideia, o problema da educa\u00e7\u00e3o estaria resolvido no Brasil.\u00a0<\/p>\n<p>\u201cVamos supor que cada deputado tenha R$ 40 milh\u00f5es por ano de emenda. Cada deputado e cada senador. Imagina se todos eles assumirem a responsabilidade de financiar a constru\u00e7\u00e3o de uma escola. S\u00e3o 513 deputados, s\u00e3o 513 escolas. S\u00e3o 81 senadores, s\u00e3o 81 escolas. Resolvemos o problema da educa\u00e7\u00e3o\u201d, acrescentou.<\/p>\n<h2>Trump<\/h2>\n<p>No fim do discurso, em tom de brincadeira, Lula disse que se o presidente estadunidense soubesse o que \u00e9 um pernambucano n\u00e3o faria amea\u00e7as contra o Brasil. Lula ressalvou, no entanto, que o pa\u00eds \u00e9 pac\u00edfico e valoriza a paz e o amor.<\/p>\n<p>\u201cSe ele soubesse o que \u00e9 um nordestino nervoso, ele n\u00e3o brincaria com o Brasil\u201d, disse.\u00a0<\/p>\n<p>\u201cDe qualquer forma, n\u00f3s n\u00e3o queremos guerra. N\u00f3s queremos paz. N\u00f3s queremos ter acesso \u00e0 cultura, passear, estudar, namorar, brincar. Quem quiser guerra, v\u00e1 para o outro lado do planeta, porque aqui n\u00f3s somos a terra de paz e do amor\u201d, acrescentou.<\/p>\n<h2>IFSP<\/h2>\n<p>A nova unidade do instituto federal inaugurada nesta sexta-feira em Sorocaba foi viabilizada pelo Novo Programa de Acelera\u00e7\u00e3o do Crescimento (Novo PAC).<\/p>\n<p>Iniciadas em 2024, as instala\u00e7\u00f5es t\u00eam 4,6 mil metros quadrados de \u00e1rea constru\u00edda, e oferecer\u00e3o estrutura completa para o ensino t\u00e9cnico e tecnol\u00f3gico, incluindo blocos de salas de aula, laborat\u00f3rios do tipo oficina e bloco administrativo.<\/p>\n","protected":false},"excerpt":{"rendered":"<p>O presidente da Rep\u00fablica, Luiz In\u00e1cio Lula da Silva, disse nesta sexta-feira (10) que dever\u00e1 incluir no pacote de medidas do governo federal contra o endividamento os estudantes que est\u00e3o em atraso com os pagamentos do Fundo de Financiamento ao Estudante do Ensino Superior (FIES). Lula, no entanto, n\u00e3o detalhou como ocorreria o processo de [&hellip;]<\/p>\n","protected":false},"author":59,"featured_media":27585,"comment_status":"open","ping_status":"open","sticky":false,"template":"","format":"standard","meta":{"site-sidebar-layout":"default","site-content-layout":"","ast-site-content-layout":"default","site-content-style":"default","site-sidebar-style":"default","ast-global-header-display":"","ast-banner-title-visibility":"","ast-main-header-display":"","ast-hfb-above-header-display":"","ast-hfb-below-header-display":"","ast-hfb-mobile-header-display":"","site-post-title":"","ast-breadcrumbs-content":"","ast-featured-img":"","footer-sml-layout":"","ast-disable-related-posts":"","theme-transparent-header-meta":"","adv-header-id-meta":"","stick-header-meta":"","header-above-stick-meta":"","header-main-stick-meta":"","header-below-stick-meta":"","astra-migrate-meta-layouts":"default","ast-page-background-enabled":"default","ast-page-background-meta":{"desktop":{"background-color":"var(--ast-global-color-4)","background-image":"","background-repeat":"repeat","background-position":"center center","background-size":"auto","background-attachment":"scroll","background-type":"","background-media":"","overlay-type":"","overlay-color":"","overlay-opacity":"","overlay-gradient":""},"tablet":{"background-color":"","background-image":"","background-repeat":"repeat","background-position":"center center","background-size":"auto","background-attachment":"scroll","background-type":"","background-media":"","overlay-type":"","overlay-color":"","overlay-opacity":"","overlay-gradient":""},"mobile":{"background-color":"","background-image":"","background-repeat":"repeat","background-position":"center center","background-size":"auto","background-attachment":"scroll","background-type":"","background-media":"","overlay-type":"","overlay-color":"","overlay-opacity":"","overlay-gradient":""}},"ast-content-background-meta":{"desktop":{"background-color":"var(--ast-global-color-5)","background-image":"","background-repeat":"repeat","background-position":"center center","background-size":"auto","background-attachment":"scroll","background-type":"","background-media":"","overlay-type":"","overlay-color":"","overlay-opacity":"","overlay-gradient":""},"tablet":{"background-color":"var(--ast-global-color-5)","background-image":"","background-repeat":"repeat","background-position":"center center","background-size":"auto","background-attachment":"scroll","background-type":"","background-media":"","overlay-type":"","overlay-color":"","overlay-opacity":"","overlay-gradient":""},"mobile":{"background-color":"var(--ast-global-color-5)","background-image":"","background-repeat":"repeat","background-position":"center center","background-size":"auto","background-attachment":"scroll","background-type":"","background-media":"","overlay-type":"","overlay-color":"","overlay-opacity":"","overlay-gradient":""}},"footnotes":""},"categories":[4],"tags":[],"class_list":["post-27584","post","type-post","status-publish","format-standard","has-post-thumbnail","hentry","category-politica"],"_links":{"self":[{"href":"https:\/\/jornalpacity.com.br\/index.php?rest_route=\/wp\/v2\/posts\/27584","targetHints":{"allow":["GET"]}}],"collection":[{"href":"https:\/\/jornalpacity.com.br\/index.php?rest_route=\/wp\/v2\/posts"}],"about":[{"href":"https:\/\/jornalpacity.com.br\/index.php?rest_route=\/wp\/v2\/types\/post"}],"author":[{"embeddable":true,"href":"https:\/\/jornalpacity.com.br\/index.php?rest_route=\/wp\/v2\/users\/59"}],"replies":[{"embeddable":true,"href":"https:\/\/jornalpacity.com.br\/index.php?rest_route=%2Fwp%2Fv2%2Fcomments&post=27584"}],"version-history":[{"count":0,"href":"https:\/\/jornalpacity.com.br\/index.php?rest_route=\/wp\/v2\/posts\/27584\/revisions"}],"wp:featuredmedia":[{"embeddable":true,"href":"https:\/\/jornalpacity.com.br\/index.php?rest_route=\/wp\/v2\/media\/27585"}],"wp:attachment":[{"href":"https:\/\/jornalpacity.com.br\/index.php?rest_route=%2Fwp%2Fv2%2Fmedia&parent=27584"}],"wp:term":[{"taxonomy":"category","embeddable":true,"href":"https:\/\/jornalpacity.com.br\/index.php?rest_route=%2Fwp%2Fv2%2Fcategories&post=27584"},{"taxonomy":"post_tag","embeddable":true,"href":"https:\/\/jornalpacity.com.br\/index.php?rest_route=%2Fwp%2Fv2%2Ftags&post=27584"}],"curies":[{"name":"wp","href":"https:\/\/api.w.org\/{rel}","templated":true}]}}