{"id":27588,"date":"2026-04-10T22:54:13","date_gmt":"2026-04-11T01:54:13","guid":{"rendered":"https:\/\/jornalpacity.com.br\/?p=27588"},"modified":"2026-04-10T22:54:13","modified_gmt":"2026-04-11T01:54:13","slug":"revendedora-vibra-adere-a-subvencao-para-baixar-preco-do-diesel","status":"publish","type":"post","link":"https:\/\/jornalpacity.com.br\/?p=27588","title":{"rendered":"Revendedora Vibra adere \u00e0 subven\u00e7\u00e3o para baixar pre\u00e7o do diesel"},"content":{"rendered":"<\/p>\n<p><a class=\"\" href=\"https:\/\/agenciabrasil.ebc.com.br\/economia\/noticia\/2026-04\/revendedora-vibra-adere-subvencao-para-baixar-preco-do-diesel\"><br \/>\n                    <img decoding=\"async\" src=\"https:\/\/cdn.jsdelivr.net\/gh\/sergiosdlima\/assets-ebc@1.0.0\/abr\/assets\/images\/logo-agenciabrasil.svg\" alt=\"Logo Ag\u00eancia Brasil\"><br \/>\n\t\t\t\t<\/a><\/p>\n<p>A Vibra Energia, operadora dos postos de combust\u00edveis que ainda levam o nome comercial Petrobras, informou que vai <strong>aderir em abril ao programa de subven\u00e7\u00e3o do \u00f3leo diesel criado pelo governo federal para conter a alta do pre\u00e7o do derivado de petr\u00f3leo<\/strong>.<img decoding=\"async\" src=\"https:\/\/agenciabrasil.ebc.com.br\/ebc.png?id=1685557&#038;o=rss\"><img decoding=\"async\" src=\"https:\/\/agenciabrasil.ebc.com.br\/ebc.gif?id=1685557&#038;o=rss\"><\/p>\n<p>A ades\u00e3o da Vibra, <strong>dona de cerca de 8 mil postos de combust\u00edveis pelo pa\u00eds<\/strong>, representa um ganho de escala do programa lan\u00e7ado inicialmente em 12 de mar\u00e7o, uma vez que as tr\u00eas principais revendedoras tinham ficado de fora da ades\u00e3o. <strong>Al\u00e9m da Vibra, a Ra\u00edzen (postos Shell) e a Ipiranga tinham declinado de receber a subven\u00e7\u00e3o.<\/strong><\/p>\n<\/p>\n<h3>Not\u00edcias relacionadas:<\/h3>\n<ul>\n<li><a href=\"https:\/\/agenciabrasil.ebc.com.br\/economia\/noticia\/2026-04\/inflacao-oficial-chega-088-em-marco-diz-ibge\">Infla\u00e7\u00e3o oficial chega a 0,88% em mar\u00e7o, diz IBGE .<\/a><\/li>\n<li><a href=\"https:\/\/agenciabrasil.ebc.com.br\/justica\/noticia\/2026-04\/justica-mantem-liminar-que-derruba-imposto-na-exportacao-de-petroleo\">Justi\u00e7a mant\u00e9m liminar que derruba imposto na exporta\u00e7\u00e3o de petr\u00f3leo.<\/a><\/li>\n<\/ul>\n<p>Por meio de nota, a Vibra informou que <strong>analisa os detalhes t\u00e9cnicos e segue em di\u00e1logo com governo e a Ag\u00eancia Nacional do Petr\u00f3leo, G\u00e1s Natural e Biocombust\u00edveis (ANP)<\/strong>, \u00f3rg\u00e3o regulador do setor, \u201ccom intuito de esclarecer e ajustar pontos importantes para que, em outro momento, a subven\u00e7\u00e3o possa ser solicitada em plena conformidade com seus pilares de governan\u00e7a e efici\u00eancia log\u00edstica\u201d.<\/p>\n<p><strong>A empresa acrescentou que \u201creitera seu apoio a medidas que busquem a previsibilidade do mercado nacional, visando minimizar impactos para o consumidor final e para os setores produtivos do pa\u00eds\u201d.<\/strong><\/p>\n<p><a href=\"https:\/\/www.whatsapp.com\/channel\/0029VaoRTgrInlqYLSk59B2M\" target=\"_blank\">>> Siga o canal da Ag\u00eancia Brasil no WhatsApp<\/a><\/p>\n<h2>Ex-BR Distribuidora<\/h2>\n<p>A Vibra \u00e9 a empresa vencedora do processo de privatiza\u00e7\u00e3o da ent\u00e3o subsidi\u00e1ria da Petrobras BR Distribuidora, iniciado em 2019 e conclu\u00eddo em 2021. <strong>At\u00e9 2029 a Vibra tem direito de usar a marca Petrobras em seus postos de revenda.<\/strong><\/p>\n<p>Os dados mais recentes da ANP mostram que a companhia lidera o mercado de \u00f3leo diesel no pa\u00eds com 21,24% de market share (participa\u00e7\u00e3o). Em seguida figuram a Ipiranga (17,72%) e a Ra\u00edzen (17,34%).<\/p>\n<h2>Subven\u00e7\u00e3o<\/h2>\n<p>O programa de subven\u00e7\u00e3o foi lan\u00e7ado inicialmente em 12 de mar\u00e7o, com a oferta de R$ 0,32 por litro para produtores e importadores de diesel que vendessem o combust\u00edvel abaixo do valor da\u00a0<a href=\"https:\/\/agenciabrasil.ebc.com.br\/economia\/noticia\/2026-03\/lula-zera-imposto-e-subsidia-diesel-para-conter-alta-do-petroleo\" target=\"_blank\">tabela determinada pela ANP<\/a>.<\/p>\n<p><strong>No \u00faltimo dia 6, o governo ampliou a subven\u00e7\u00e3o, acrescentando R$ 1,20 por litro para a importa\u00e7\u00e3o de diesel. No caso, estados dividiriam os custos da medida com a Uni\u00e3o. O benef\u00edcio \u00e9 v\u00e1lido inicialmente por dois meses e pode chegar a R$ 4 bilh\u00f5es.<\/strong><\/p>\n<p>Foi anunciada tamb\u00e9m uma subven\u00e7\u00e3o extra de R$ 0,80 por litro para o diesel produzido no Brasil, com custo estimado de R$ 3 bilh\u00f5es mensais.<\/p>\n<p><strong>Nos dois casos, as empresas dever\u00e3o repassar a redu\u00e7\u00e3o ao consumidor.<\/strong><\/p>\n<p>A ANP mant\u00e9m atualizada uma tabela com o pre\u00e7o de refer\u00eancia do \u00f3leo diesel para monitorar o n\u00edvel de pre\u00e7o do produto vendido pelos beneficiados com a subven\u00e7\u00e3o.<\/p>\n<p><strong>Para importador, por exemplo, o pre\u00e7o de comercializa\u00e7\u00e3o fica entre R$ 5,51 e R$ 5,75, dependendo da regi\u00e3o do pa\u00eds.<\/strong><\/p>\n<p>A \u00faltima <a href=\"https:\/\/www.gov.br\/anp\/pt-br\/assuntos\/precos-e-defesa-da-concorrencia\/arquivos\/subvencao-diesel-2026\/empresashabilitadasprimeiroperiodo.pdf\" target=\"_blank\">atualiza\u00e7\u00e3o<\/a> da ANP indica que nove empresas, entre importadores, revendedores e produtores, aderiram ao programa, entre elas a Petrobras e a Refinaria de Mataripe, na Bahia, segunda maior do pa\u00eds (fica atr\u00e1s somente da Refinaria de Paul\u00ednia, em S\u00e3o Paulo, pertencente \u00e0 Petrobras).<\/p>\n<p><a href=\"https:\/\/agenciabrasil.ebc.com.br\/justica\/noticia\/2026-04\/justica-mantem-liminar-que-derruba-imposto-na-exportacao-de-petroleo\" target=\"_blank\">>> Leia aqui: Justi\u00e7a impede governo de cobrar 12% de imposto sobre exporta\u00e7\u00e3o de petr\u00f3leo\u00a0<\/a><\/p>\n<p><strong>Saiba mais no Rep\u00f3rter Brasil<\/strong><\/p>\n<p><iframe allow=\"accelerometer; autoplay; clipboard-write; encrypted-media; gyroscope; picture-in-picture; web-share\" allowfullscreen=\"\" frameborder=\"0\" height=\"315\" referrerpolicy=\"strict-origin-when-cross-origin\" src=\"https:\/\/www.youtube.com\/embed\/3qYS7z5mWrY?si=3KigauU-xp90b3-X&#038;start=226\" title=\"YouTube video player\" width=\"560\" sandbox=\"allow-scripts allow-same-origin\"><\/iframe><\/p>\n<h2>Choque do petr\u00f3leo<\/h2>\n<p>A alta no pre\u00e7o dos derivados de petr\u00f3leo, notadamente o \u00f3leo diesel, foi desencadeada pelo conflito no Oriente M\u00e9dio. Em 28 de fevereiro, Estados Unidos e Israel iniciaram uma s\u00e9rie de <a href=\"https:\/\/agenciabrasil.ebc.com.br\/tags\/conflito-no-oriente-medio\" target=\"_blank\">ataques militares ao Ir\u00e3<\/a>.\u00a0<\/p>\n<p>Como a regi\u00e3o concentra pa\u00edses produtores de petr\u00f3leo e rotas estrat\u00e9gicas de log\u00edstica, como o Estreio de Ormuz, controlado pelo Ir\u00e3, a cadeia produtiva foi afetada, diminuindo a oferta de petr\u00f3leo no mundo. O resultado foi a escalada do pre\u00e7o do barril.<\/p>\n<p><strong>No Brasil a alta foi sentida logo pelo diesel, uma vez que 30% do consumo nacional vem do mercado internacional.<\/strong><\/p>\n<h2>Infla\u00e7\u00e3o oficial<\/h2>\n<p>A alta no pre\u00e7o dos combust\u00edveis foi indicada nesta sexta-feira (10) pelo <a href=\"https:\/\/agenciadenoticias.ibge.gov.br\/agencia-sala-de-imprensa\/2013-agencia-de-noticias\/releases\/46377-em-marco-ipca-vai-a-0-88\" target=\"_blank\">term\u00f4metro do \u00cdndice Nacional de Pre\u00e7os ao Consumidor Amplo (IPCA)<\/a>, a chamada infla\u00e7\u00e3o oficial do pa\u00eds.<\/p>\n<p><strong>A infla\u00e7\u00e3o de mar\u00e7o foi de 0,88%, puxada principalmente pelo grupo transportes. O item combust\u00edveis subiu 4,47%. A gasolina, que em fevereiro tinha 0,61%, subiu 4,59% em mar\u00e7o. O diesel passou de aumento de 0,23% em fevereiro para 13,90% em mar\u00e7o.\u00a0<\/strong><\/p>\n","protected":false},"excerpt":{"rendered":"<p>A Vibra Energia, operadora dos postos de combust\u00edveis que ainda levam o nome comercial Petrobras, informou que vai aderir em abril ao programa de subven\u00e7\u00e3o do \u00f3leo diesel criado pelo governo federal para conter a alta do pre\u00e7o do derivado de petr\u00f3leo. A ades\u00e3o da Vibra, dona de cerca de 8 mil postos de combust\u00edveis [&hellip;]<\/p>\n","protected":false},"author":59,"featured_media":27589,"comment_status":"open","ping_status":"open","sticky":false,"template":"","format":"standard","meta":{"site-sidebar-layout":"default","site-content-layout":"","ast-site-content-layout":"default","site-content-style":"default","site-sidebar-style":"default","ast-global-header-display":"","ast-banner-title-visibility":"","ast-main-header-display":"","ast-hfb-above-header-display":"","ast-hfb-below-header-display":"","ast-hfb-mobile-header-display":"","site-post-title":"","ast-breadcrumbs-content":"","ast-featured-img":"","footer-sml-layout":"","ast-disable-related-posts":"","theme-transparent-header-meta":"","adv-header-id-meta":"","stick-header-meta":"","header-above-stick-meta":"","header-main-stick-meta":"","header-below-stick-meta":"","astra-migrate-meta-layouts":"default","ast-page-background-enabled":"default","ast-page-background-meta":{"desktop":{"background-color":"var(--ast-global-color-4)","background-image":"","background-repeat":"repeat","background-position":"center center","background-size":"auto","background-attachment":"scroll","background-type":"","background-media":"","overlay-type":"","overlay-color":"","overlay-opacity":"","overlay-gradient":""},"tablet":{"background-color":"","background-image":"","background-repeat":"repeat","background-position":"center center","background-size":"auto","background-attachment":"scroll","background-type":"","background-media":"","overlay-type":"","overlay-color":"","overlay-opacity":"","overlay-gradient":""},"mobile":{"background-color":"","background-image":"","background-repeat":"repeat","background-position":"center center","background-size":"auto","background-attachment":"scroll","background-type":"","background-media":"","overlay-type":"","overlay-color":"","overlay-opacity":"","overlay-gradient":""}},"ast-content-background-meta":{"desktop":{"background-color":"var(--ast-global-color-5)","background-image":"","background-repeat":"repeat","background-position":"center center","background-size":"auto","background-attachment":"scroll","background-type":"","background-media":"","overlay-type":"","overlay-color":"","overlay-opacity":"","overlay-gradient":""},"tablet":{"background-color":"var(--ast-global-color-5)","background-image":"","background-repeat":"repeat","background-position":"center center","background-size":"auto","background-attachment":"scroll","background-type":"","background-media":"","overlay-type":"","overlay-color":"","overlay-opacity":"","overlay-gradient":""},"mobile":{"background-color":"var(--ast-global-color-5)","background-image":"","background-repeat":"repeat","background-position":"center center","background-size":"auto","background-attachment":"scroll","background-type":"","background-media":"","overlay-type":"","overlay-color":"","overlay-opacity":"","overlay-gradient":""}},"footnotes":""},"categories":[46],"tags":[],"class_list":["post-27588","post","type-post","status-publish","format-standard","has-post-thumbnail","hentry","category-economia"],"_links":{"self":[{"href":"https:\/\/jornalpacity.com.br\/index.php?rest_route=\/wp\/v2\/posts\/27588","targetHints":{"allow":["GET"]}}],"collection":[{"href":"https:\/\/jornalpacity.com.br\/index.php?rest_route=\/wp\/v2\/posts"}],"about":[{"href":"https:\/\/jornalpacity.com.br\/index.php?rest_route=\/wp\/v2\/types\/post"}],"author":[{"embeddable":true,"href":"https:\/\/jornalpacity.com.br\/index.php?rest_route=\/wp\/v2\/users\/59"}],"replies":[{"embeddable":true,"href":"https:\/\/jornalpacity.com.br\/index.php?rest_route=%2Fwp%2Fv2%2Fcomments&post=27588"}],"version-history":[{"count":0,"href":"https:\/\/jornalpacity.com.br\/index.php?rest_route=\/wp\/v2\/posts\/27588\/revisions"}],"wp:featuredmedia":[{"embeddable":true,"href":"https:\/\/jornalpacity.com.br\/index.php?rest_route=\/wp\/v2\/media\/27589"}],"wp:attachment":[{"href":"https:\/\/jornalpacity.com.br\/index.php?rest_route=%2Fwp%2Fv2%2Fmedia&parent=27588"}],"wp:term":[{"taxonomy":"category","embeddable":true,"href":"https:\/\/jornalpacity.com.br\/index.php?rest_route=%2Fwp%2Fv2%2Fcategories&post=27588"},{"taxonomy":"post_tag","embeddable":true,"href":"https:\/\/jornalpacity.com.br\/index.php?rest_route=%2Fwp%2Fv2%2Ftags&post=27588"}],"curies":[{"name":"wp","href":"https:\/\/api.w.org\/{rel}","templated":true}]}}