{"id":28479,"date":"2026-04-29T16:54:48","date_gmt":"2026-04-29T19:54:48","guid":{"rendered":"https:\/\/jornalpacity.com.br\/?p=28479"},"modified":"2026-04-29T16:54:48","modified_gmt":"2026-04-29T19:54:48","slug":"com-precatorios-governo-tem-maior-deficit-para-meses-de-marco","status":"publish","type":"post","link":"https:\/\/jornalpacity.com.br\/?p=28479","title":{"rendered":"Com precat\u00f3rios, governo tem maior d\u00e9ficit para meses de mar\u00e7o"},"content":{"rendered":"<\/p>\n<p><a class=\"\" href=\"https:\/\/agenciabrasil.ebc.com.br\/economia\/noticia\/2026-04\/com-precatorios-governo-tem-maior-deficit-para-meses-de-marco\"><br \/>\n                    <img decoding=\"async\" src=\"https:\/\/cdn.jsdelivr.net\/gh\/sergiosdlima\/assets-ebc@1.0.0\/abr\/assets\/images\/logo-agenciabrasil.svg\" alt=\"Logo Ag\u00eancia Brasil\"><br \/>\n\t\t\t\t<\/a><\/p>\n<p>O pagamento antecipado de precat\u00f3rios, d\u00edvidas da Uni\u00e3o com senten\u00e7as judiciais definitivas, pressionou as contas p\u00fablicas e levou o governo central a registrar um d\u00e9ficit prim\u00e1rio de R$ 73,783 bilh\u00f5es em mar\u00e7o, segundo dados divulgados pelo Tesouro Nacional nesta quarta-feira (29).\u00a0<img decoding=\"async\" src=\"https:\/\/agenciabrasil.ebc.com.br\/ebc.png?id=1687698&#038;o=rss\"><img decoding=\"async\" src=\"https:\/\/agenciabrasil.ebc.com.br\/ebc.gif?id=1687698&#038;o=rss\"><\/p>\n<p><strong>O resultado \u00e9 o pior j\u00e1 registrado para o m\u00eas desde o in\u00edcio da s\u00e9rie hist\u00f3rica, em 1997.<\/strong><\/p>\n<\/p>\n<h3>Not\u00edcias relacionadas:<\/h3>\n<ul>\n<li><a href=\"https:\/\/agenciabrasil.ebc.com.br\/economia\/noticia\/2026-04\/vendas-do-tesouro-direto-batem-recorde-historico-em-marco\">Vendas do Tesouro Direto batem recorde hist\u00f3rico em mar\u00e7o.<\/a><\/li>\n<li><a href=\"https:\/\/agenciabrasil.ebc.com.br\/meio-ambiente\/noticia\/2026-03\/tesouro-muda-regras-de-leilao-para-projetos-sustentaveis\">Tesouro muda regras de leil\u00e3o para projetos sustent\u00e1veis.<\/a><\/li>\n<li><a href=\"https:\/\/agenciabrasil.ebc.com.br\/economia\/noticia\/2026-04\/deficit-nas-contas-externas-sobe-para-r-6-bi-no-mes-de-marco\">D\u00e9ficit nas contas externas sobe para R$ 6 bilh\u00f5es no m\u00eas de mar\u00e7o.<\/a><\/li>\n<\/ul>\n<p>O d\u00e9ficit representa uma forte deteriora\u00e7\u00e3o frente a mar\u00e7o do ano passado, quando houve super\u00e1vit de R$ 1,527 bilh\u00e3o. De acordo com o Tesouro, a principal explica\u00e7\u00e3o est\u00e1 na mudan\u00e7a do calend\u00e1rio de pagamento dos precat\u00f3rios, que em 2026 se concentraram em mar\u00e7o. Em 2025, a maior parte dessas despesas foi paga em julho.<\/p>\n<p><strong>O d\u00e9ficit prim\u00e1rio ocorre quando as receitas com tributos e impostos ficam abaixo das despesas do governo, desconsiderando os juros da d\u00edvida p\u00fablica.<\/strong><\/p>\n<p><a href=\"https:\/\/www.whatsapp.com\/channel\/0029VaoRTgrInlqYLSk5\" target=\"_blank\">>> Siga o canal da Ag\u00eancia Brasil no WhatsApp<\/a><\/p>\n<h2>Despesas<\/h2>\n<p>As despesas totais dispararam no per\u00edodo, impulsionadas principalmente pelos gastos com decis\u00f5es judiciais e seus efeitos indiretos sobre outras rubricas do or\u00e7amento.<\/p>\n<p><strong>Principais n\u00fameros de mar\u00e7o:<\/strong><\/p>\n<ul>\n<li>\u00a0\u00a0\u00a0\u00a0D\u00e9ficit prim\u00e1rio: R$ 73,783 bilh\u00f5es;<\/li>\n<li>\u00a0\u00a0\u00a0\u00a0Despesas totais: R$ 269,881 bilh\u00f5es (49,2% acima da infla\u00e7\u00e3o em rela\u00e7\u00e3o a mar\u00e7o do ano passado);<\/li>\n<li>\u00a0\u00a0\u00a0\u00a0Receita l\u00edquida: R$ 196,1 bilh\u00f5es (7,5% acima da infla\u00e7\u00e3o).<\/li>\n<\/ul>\n<p><strong>Maiores aumentos de gastos:<\/strong><\/p>\n<ul>\n<li>\u00a0 \u00a0 Senten\u00e7as judiciais e precat\u00f3rios (custeio e investimento): R$ 34,903 bilh\u00f5es<\/li>\n<li>\u00a0\u00a0\u00a0\u00a0Benef\u00edcios previdenci\u00e1rios: R$ 28,615 bilh\u00f5es, dos quais R$ 23,982 bilh\u00f5es em precat\u00f3rios;<\/li>\n<li>\u00a0\u00a0\u00a0\u00a0Pessoal e encargos sociais: R$ 11,258 bilh\u00f5es, dos quais R$ 8,786 em precat\u00f3rios.<\/li>\n<\/ul>\n<p><strong>Segundo o Tesouro, os precat\u00f3rios tamb\u00e9m influenciaram o aumento de gastos com Previd\u00eancia e folha de pagamento, j\u00e1 que parte dessas despesas est\u00e1 vinculada a decis\u00f5es judiciais.<\/strong><\/p>\n<p>Apesar da piora no resultado fiscal, a arrecada\u00e7\u00e3o apresentou crescimento, impulsionada pelo desempenho da economia e por medidas tribut\u00e1rias recentes.<\/p>\n<p><strong>Entre os destaques:<\/strong><\/p>\n<ul>\n<li>\u00a0\u00a0\u00a0\u00a0Imposto sobre Opera\u00e7\u00f5es Financeiras (IOF): R$ 2,8 bilh\u00f5es em rela\u00e7\u00e3o a mar\u00e7o do ano passado;<\/li>\n<li>\u00a0\u00a0\u00a0\u00a0Imposto de Importa\u00e7\u00e3o: R$ 2,3 bilh\u00f5es;<\/li>\n<li>\u00a0\u00a0\u00a0\u00a0Imposto de Renda: R$ 2,3 bilh\u00f5es;<\/li>\n<li>\u00a0\u00a0\u00a0\u00a0Contribui\u00e7\u00e3o Social sobre o Lucro L\u00edquido (CSLL): R$ 1,4 bilh\u00e3o;<\/li>\n<li>\u00a0\u00a0\u00a0\u00a0Contribui\u00e7\u00e3o para o Financiamento da Seguridade Social (Cofins): R$ 1,5 bilh\u00e3o.<\/li>\n<\/ul>\n<p>Ainda assim, o avan\u00e7o das receitas foi insuficiente para compensar o salto das despesas.<\/p>\n<h2>Resultado do ano<\/h2>\n<p>No acumulado do primeiro trimestre, as contas p\u00fablicas registraram d\u00e9ficit de R$ 17,085 bilh\u00f5es, revertendo o super\u00e1vit de R$ 54,993 bilh\u00f5es observado no mesmo per\u00edodo de 2025.<\/p>\n<p><strong>Acumulado de janeiro a mar\u00e7o:<\/strong><\/p>\n<ul>\n<li>D\u00e9ficit prim\u00e1rio: R$ 17,085 bilh\u00f5es;\u00a0<\/li>\n<li>Receita l\u00edquida: R$ 626,4 bilh\u00f5es (4,2% real);<\/li>\n<li>Despesas totais: R$ 643,5 bilh\u00f5es (23,3% real).<\/li>\n<\/ul>\n<p><strong>Assim como em mar\u00e7o, o resultado acumulado foi impactado pela antecipa\u00e7\u00e3o no pagamento de precat\u00f3rios.<\/strong><\/p>\n<p>No primeiro trimestre, o d\u00e9ficit est\u00e1 baixo por causa do <a href=\"https:\/\/agenciabrasil.ebc.com.br\/economia\/noticia\/2026-02\/superavit-primario-do-governo-central-fica-em-r-869-bilhoes\" target=\"_blank\">super\u00e1vit prim\u00e1rio<\/a> de R$ 86,9 bilh\u00f5es em janeiro. Tradicionalmente, o primeiro m\u00eas do ano \u00e9 caracterizado por resultados positivos.<\/p>\n<h2>Investimentos<\/h2>\n<p>Os investimentos federais registraram crescimento expressivo em mar\u00e7o, indicando aumento da execu\u00e7\u00e3o or\u00e7ament\u00e1ria.<\/p>\n<ul>\n<li>\u00a0 \u00a0 Investimentos em mar\u00e7o: R$ 14,8 bilh\u00f5es (323,9% acima da infla\u00e7\u00e3o);<\/li>\n<li>\u00a0\u00a0\u00a0\u00a0Acumulado em 2026: R$ 24,4 bilh\u00f5es (146,4% acima da infla\u00e7\u00e3o).<\/li>\n<\/ul>\n<p>O avan\u00e7o reflete a acelera\u00e7\u00e3o de projetos p\u00fablicos e execu\u00e7\u00e3o de despesas discricion\u00e1rias (n\u00e3o obrigat\u00f3rias) no in\u00edcio do ano.<\/p>\n<h2>Meta fiscal<\/h2>\n<p><strong>A meta fiscal para 2026 prev\u00ea super\u00e1vit de 0,25% do PIB, cerca de R$ 34,3 bilh\u00f5es, com margem de toler\u00e2ncia que permite resultado entre zero e R$ 68,6 bilh\u00f5es positivos.<\/strong><\/p>\n<p>No entanto, regras aprovadas permitem excluir at\u00e9 R$ 63,5 bilh\u00f5es em despesas do c\u00e1lculo, incluindo precat\u00f3rios. Mesmo com esses abatimentos, a previs\u00e3o oficial do governo \u00e9 de <a href=\"https:\/\/agenciabrasil.ebc.com.br\/economia\/noticia\/2026-03\/com-precatorios-previsao-de-deficit-primario-sobe-para-r-598-bi\" target=\"_blank\">d\u00e9ficit efetivo de R$ 59,8 bilh\u00f5es no ano<\/a>.<\/p>\n<p>Se confirmada, ser\u00e1 mais um ano de contas no vermelho.<\/p>\n","protected":false},"excerpt":{"rendered":"<p>O pagamento antecipado de precat\u00f3rios, d\u00edvidas da Uni\u00e3o com senten\u00e7as judiciais definitivas, pressionou as contas p\u00fablicas e levou o governo central a registrar um d\u00e9ficit prim\u00e1rio de R$ 73,783 bilh\u00f5es em mar\u00e7o, segundo dados divulgados pelo Tesouro Nacional nesta quarta-feira (29).\u00a0 O resultado \u00e9 o pior j\u00e1 registrado para o m\u00eas desde o in\u00edcio da [&hellip;]<\/p>\n","protected":false},"author":41,"featured_media":28480,"comment_status":"open","ping_status":"open","sticky":false,"template":"","format":"standard","meta":{"site-sidebar-layout":"default","site-content-layout":"","ast-site-content-layout":"default","site-content-style":"default","site-sidebar-style":"default","ast-global-header-display":"","ast-banner-title-visibility":"","ast-main-header-display":"","ast-hfb-above-header-display":"","ast-hfb-below-header-display":"","ast-hfb-mobile-header-display":"","site-post-title":"","ast-breadcrumbs-content":"","ast-featured-img":"","footer-sml-layout":"","ast-disable-related-posts":"","theme-transparent-header-meta":"","adv-header-id-meta":"","stick-header-meta":"","header-above-stick-meta":"","header-main-stick-meta":"","header-below-stick-meta":"","astra-migrate-meta-layouts":"default","ast-page-background-enabled":"default","ast-page-background-meta":{"desktop":{"background-color":"var(--ast-global-color-4)","background-image":"","background-repeat":"repeat","background-position":"center center","background-size":"auto","background-attachment":"scroll","background-type":"","background-media":"","overlay-type":"","overlay-color":"","overlay-opacity":"","overlay-gradient":""},"tablet":{"background-color":"","background-image":"","background-repeat":"repeat","background-position":"center center","background-size":"auto","background-attachment":"scroll","background-type":"","background-media":"","overlay-type":"","overlay-color":"","overlay-opacity":"","overlay-gradient":""},"mobile":{"background-color":"","background-image":"","background-repeat":"repeat","background-position":"center center","background-size":"auto","background-attachment":"scroll","background-type":"","background-media":"","overlay-type":"","overlay-color":"","overlay-opacity":"","overlay-gradient":""}},"ast-content-background-meta":{"desktop":{"background-color":"var(--ast-global-color-5)","background-image":"","background-repeat":"repeat","background-position":"center center","background-size":"auto","background-attachment":"scroll","background-type":"","background-media":"","overlay-type":"","overlay-color":"","overlay-opacity":"","overlay-gradient":""},"tablet":{"background-color":"var(--ast-global-color-5)","background-image":"","background-repeat":"repeat","background-position":"center center","background-size":"auto","background-attachment":"scroll","background-type":"","background-media":"","overlay-type":"","overlay-color":"","overlay-opacity":"","overlay-gradient":""},"mobile":{"background-color":"var(--ast-global-color-5)","background-image":"","background-repeat":"repeat","background-position":"center center","background-size":"auto","background-attachment":"scroll","background-type":"","background-media":"","overlay-type":"","overlay-color":"","overlay-opacity":"","overlay-gradient":""}},"footnotes":""},"categories":[46],"tags":[],"class_list":["post-28479","post","type-post","status-publish","format-standard","has-post-thumbnail","hentry","category-economia"],"_links":{"self":[{"href":"https:\/\/jornalpacity.com.br\/index.php?rest_route=\/wp\/v2\/posts\/28479","targetHints":{"allow":["GET"]}}],"collection":[{"href":"https:\/\/jornalpacity.com.br\/index.php?rest_route=\/wp\/v2\/posts"}],"about":[{"href":"https:\/\/jornalpacity.com.br\/index.php?rest_route=\/wp\/v2\/types\/post"}],"author":[{"embeddable":true,"href":"https:\/\/jornalpacity.com.br\/index.php?rest_route=\/wp\/v2\/users\/41"}],"replies":[{"embeddable":true,"href":"https:\/\/jornalpacity.com.br\/index.php?rest_route=%2Fwp%2Fv2%2Fcomments&post=28479"}],"version-history":[{"count":0,"href":"https:\/\/jornalpacity.com.br\/index.php?rest_route=\/wp\/v2\/posts\/28479\/revisions"}],"wp:featuredmedia":[{"embeddable":true,"href":"https:\/\/jornalpacity.com.br\/index.php?rest_route=\/wp\/v2\/media\/28480"}],"wp:attachment":[{"href":"https:\/\/jornalpacity.com.br\/index.php?rest_route=%2Fwp%2Fv2%2Fmedia&parent=28479"}],"wp:term":[{"taxonomy":"category","embeddable":true,"href":"https:\/\/jornalpacity.com.br\/index.php?rest_route=%2Fwp%2Fv2%2Fcategories&post=28479"},{"taxonomy":"post_tag","embeddable":true,"href":"https:\/\/jornalpacity.com.br\/index.php?rest_route=%2Fwp%2Fv2%2Ftags&post=28479"}],"curies":[{"name":"wp","href":"https:\/\/api.w.org\/{rel}","templated":true}]}}