{"id":28489,"date":"2026-04-29T17:54:39","date_gmt":"2026-04-29T20:54:39","guid":{"rendered":"https:\/\/jornalpacity.com.br\/?p=28489"},"modified":"2026-04-29T17:54:39","modified_gmt":"2026-04-29T20:54:39","slug":"camara-instala-comissao-para-analisar-pec-do-fim-da-escala-6x1","status":"publish","type":"post","link":"https:\/\/jornalpacity.com.br\/?p=28489","title":{"rendered":"C\u00e2mara instala comiss\u00e3o para analisar PEC do fim da escala 6X1"},"content":{"rendered":"<\/p>\n<p><a class=\"\" href=\"https:\/\/agenciabrasil.ebc.com.br\/politica\/noticia\/2026-04\/camara-instala-comissao-para-analisar-pec-do-fim-da-escala-6x1\"><br \/>\n                    <img decoding=\"async\" src=\"https:\/\/cdn.jsdelivr.net\/gh\/sergiosdlima\/assets-ebc@1.0.0\/abr\/assets\/images\/logo-agenciabrasil.svg\" alt=\"Logo Ag\u00eancia Brasil\"><br \/>\n\t\t\t\t<\/a><\/p>\n<p>A C\u00e2mara dos Deputados instalou nesta quarta-feira\u00a0(29) a comiss\u00e3o especial que analisar\u00e1 a <a href=\"https:\/\/www.camara.leg.br\/proposicoesWeb\/fichadetramitacao?idProposicao=2233802\" target=\"_blank\">Proposta de Emenda \u00e0 Constitui\u00e7\u00e3o (PEC) 221\/19<\/a>, que trata da redu\u00e7\u00e3o da jornada de trabalho no pa\u00eds e extingue a escala 6&#215;1.<img decoding=\"async\" src=\"https:\/\/agenciabrasil.ebc.com.br\/ebc.png?id=1687706&#038;o=rss\"><img decoding=\"async\" src=\"https:\/\/agenciabrasil.ebc.com.br\/ebc.gif?id=1687706&#038;o=rss\"><\/p>\n<p>O deputado federal Alencar Santana (PT-SP) foi eleito para presidir os trabalhos por 28 votos favor\u00e1veis e tr\u00eas brancos, e a relatoria caber\u00e1 a Leo Prates (Republicanos-BA).<\/p>\n<\/p>\n<h3>Not\u00edcias relacionadas:<\/h3>\n<ul>\n<li><a href=\"https:\/\/agenciabrasil.ebc.com.br\/politica\/noticia\/2026-04\/fim-da-escala-6x1-e-bandeira-principal-nos-atos-do-1deg-de-maio-no-pais\">Fim da escala 6&#215;1 \u00e9 principal bandeira nos atos do 1\u00b0 de Maio no pa\u00eds .<\/a><\/li>\n<li><a href=\"https:\/\/agenciabrasil.ebc.com.br\/economia\/noticia\/2026-04\/fim-da-escala-6-1-estudos-divergem-sobre-impactos-no-pib-e-inflacao\">Fim da escala 6&#215;1: estudos divergem sobre impactos no PIB e infla\u00e7\u00e3o.<\/a><\/li>\n<li><a href=\"https:\/\/agenciabrasil.ebc.com.br\/politica\/noticia\/2026-04\/lula-defende-fim-da-6x1-e-diz-que-ganhos-nao-podem-valer-so-para-ricos\">Lula defende fim da 6&#215;1 e diz que ganhos n\u00e3o podem valer s\u00f3 para ricos.<\/a><\/li>\n<\/ul>\n<p><strong>O colegiado analisar\u00e1 duas propostas de redu\u00e7\u00e3o na jornada de trabalho.<\/strong> A primeira, de autoria do deputado Reginaldo Lopes (PT-MG), reduz a jornada\u00a0de trabalho de 44 horas para 36 horas semanais. A transi\u00e7\u00e3o se daria ao longo de dez anos.<\/p>\n<p>A outra proposta apensada (PEC 8\/25), da deputada Erika Hilton (Psol-SP), prev\u00ea uma escala de quatro dias de trabalho por semana, com limite de 36 horas no per\u00edodo.<\/p>\n<p><strong>Na pr\u00e1tica, as PECs acabam com a escala de seis dias de trabalho por um de descanso (6&#215;1). <\/strong>Se aprovados na comiss\u00e3o especial, os projetos ir\u00e3o depois para vota\u00e7\u00e3o no plen\u00e1rio.<\/p>\n<p><a href=\"https:\/\/www.whatsapp.com\/channel\/0029VaoRTgrInlqYLSk59B2M\" target=\"_blank\">>> Siga o canal da <strong>Ag\u00eancia Brasil <\/strong>no WhatsApp<\/a><\/p>\n<h2>Presid\u00eancia da comiss\u00e3o<\/h2>\n<p>Ao tomar posse como presidente, Santana disse que vai haver um debate amplo sobre o tema e lembrou das mudan\u00e7as no mundo do trabalho ao longo dos s\u00e9culos, frutos de lutas e disputas na sociedade.<\/p>\n<blockquote>\n<p>\u201cMenos de dois s\u00e9culos atr\u00e1s, no nosso pa\u00eds, ainda existia escravid\u00e3o\u201d, disse. \u201cN\u00f3s tivemos, ao longo da hist\u00f3ria, o trabalho infantil praticamente como regra. Uma explora\u00e7\u00e3o brutal de crian\u00e7as, adolescentes, sem qualquer dignidade, sem qualquer respeito. O mundo avan\u00e7ou, e todas essas mudan\u00e7as ocorreram com diverg\u00eancias, resist\u00eancias, mas o mundo foi evoluindo\u201d, continuou.<\/p>\n<\/blockquote>\n<p>Santana citou ainda a oposi\u00e7\u00e3o a direitos\u00a0previstos na\u00a0Consolida\u00e7\u00e3o das Leis do Trabalho (CLT), criada durante o governo de Get\u00falio Vargas.<\/p>\n<p>\u201cQuando se criou o sal\u00e1rio m\u00ednimo, quando se criaram outros direitos, como f\u00e9rias, d\u00e9cimo terceiro, sempre houve um setor que jogava de maneira contr\u00e1ria. Mas o mundo progrediu, e o trabalhador foi ganhando direitos ao longo do tempo\u201d, afirmou.<\/p>\n<p>\u00a0<\/p>\n<div class=\"dnd-widget-wrapper context-cheio_8colunas type-image\">\n<div class=\"dnd-atom-rendered\"><!-- scald=461021:cheio_8colunas --><br \/>\n            <img decoding=\"async\" src=\"https:\/\/agenciabrasil.ebc.com.br\/sites\/default\/files\/thumbnails\/image\/loading_v2.gif\" data-echo=\"https:\/\/imagens.ebc.com.br\/rT7sVpqNWDKXeJCwQgCn7tnCLyo=\/754x0\/smart\/https:\/\/agenciabrasil.ebc.com.br\/sites\/default\/files\/thumbnails\/image\/2026\/04\/29\/0d9a3894-2.jpg?itok=GOQdl1XC\" alt=\"Bras\u00edlia \u2013 DF- 29\/04\/2026 \u2013 Instala\u00e7\u00e3o da comiss\u00e3o especial da C\u00e2mara que vai analisar as propostas que acabam com a escala 6x1.  Foto: Lula Marques\/ Ag\u00eancia Brasil.\" title=\"Lula Marques\/Agencia Brasil\"><br \/>\n        <noscript><img decoding=\"async\" src=\"https:\/\/imagens.ebc.com.br\/rT7sVpqNWDKXeJCwQgCn7tnCLyo=\/754x0\/smart\/https:\/\/agenciabrasil.ebc.com.br\/sites\/default\/files\/thumbnails\/image\/2026\/04\/29\/0d9a3894-2.jpg?itok=GOQdl1XC\" alt=\"Bras\u00edlia \u2013 DF- 29\/04\/2026 \u2013 Instala\u00e7\u00e3o da comiss\u00e3o especial da C\u00e2mara que vai analisar as propostas que acabam com a escala 6x1.  Foto: Lula Marques\/ Ag\u00eancia Brasil.\" title=\"Lula Marques\/Agencia Brasil\"><\/noscript><br \/>\n    <!-- END scald=461021 --><\/div>\n<div class=\"dnd-caption-wrapper\">\n<h6 class=\"meta\">Instala\u00e7\u00e3o da comiss\u00e3o especial da C\u00e2mara que vai analisar as propostas que acabam com a escala 6&#215;1. Foto:\u00a0<strong>Lula Marques\/Agencia Brasil<\/strong><!--END copyright=461021--><\/h6>\n<\/div>\n<\/div>\n<p><strong>O relator, deputado federal Leo Prates, defendeu a redu\u00e7\u00e3o da jornada e\u00a0afirmou que a mudan\u00e7a, al\u00e9m de dar um maior per\u00edodo de descanso, trar\u00e1 mais qualidade de vida ao trabalhador<\/strong>. Esse tempo poder\u00e1 ser utilizado para o conv\u00edvio familiar, o lazer e cuidar da sa\u00fade.\u00a0<\/p>\n<p>\u201cN\u00e3o h\u00e1 pre\u00e7o que seja caro demais para a gente pagar enquanto poder p\u00fablico para um benef\u00edcio social t\u00e3o grande\u201d, disse. \u201c\u00c9 sobre o futuro do nosso pa\u00eds, \u00e9 sobre os seres humanos&#8221;.<\/p>\n<blockquote>\n<p>&#8220;Eu vejo muitos crist\u00e3os falando da deteriora\u00e7\u00e3o das fam\u00edlias. \u00c9\u00a0sobre isso que n\u00f3s estamos falando aqui. N\u00e3o \u00e9 s\u00f3 sobre os trabalhadores, \u00e9 sobre as crian\u00e7as que n\u00f3s estamos falando. O relat\u00f3rio n\u00e3o ser\u00e1 contra ningu\u00e9m, ser\u00e1 a favor das pessoas e a\u00a0favor do nosso futuro do nosso pa\u00eds\u201d, afirmou.<\/p>\n<\/blockquote>\n<p>Os integrantes da comiss\u00e3o elegeram ainda a deputada Daiana Santos (PCdoB-RS) como primeira vice-presidente. A deputada conduzir\u00e1 os trabalhos na aus\u00eancia do presidente.<\/p>\n<p>A parlamentar considera que o debate \u00e9 um\u00a0momento hist\u00f3rico para o pa\u00eds e defendeu que a redu\u00e7\u00e3o trar\u00e1 um\u00a0ambiente de trabalho mais digno, justo e honesto.<\/p>\n<p>\u201cEu sou a \u00fanica mulher que comp\u00f5e essa mesa. Pelas mulheres trabalhadoras desse pa\u00eds, que t\u00eam dupla, tripla, qu\u00e1drupla jornada, coloco aqui a minha disposi\u00e7\u00e3o para o trabalho, para que a gente possa fazer essa entrega para as mulheres trabalhadoras, para os trabalhadores e para o povo brasileiro\u201d, concluiu.<\/p>\n<p>Al\u00e9m de Daiana, a comiss\u00e3o elegeu como segundo vice-presidente o deputado Luiz Gast\u00e3o (PSD-CE), e a terceira vice-presid\u00eancia ficou com o deputado Mauro Benevides Filho (Uni\u00e3o-CE).<\/p>\n<h2>Prazo<\/h2>\n<p><strong>Composta por 38 membros titulares e\u00a0igual n\u00famero de suplentes, a comiss\u00e3o ter\u00e1 o prazo de at\u00e9 40 sess\u00f5es para proferir seu parecer.\u00a0A partir de amanh\u00e3, tem in\u00edcio o prazo para a apresenta\u00e7\u00e3o das emendas, que \u00e9 de 10 sess\u00f5es.<\/strong><\/p>\n<p>O presidente da comiss\u00e3o afirmou que o tempo para a an\u00e1lise da proposta \u00e9 apertado e que o colegiado dever\u00e1 realizar, inicialmente, duas reuni\u00f5es semanais, \u00e0s ter\u00e7as e quartas-feiras, para debater a mat\u00e9ria.<\/p>\n<p><a href=\"https:\/\/agenciabrasil.ebc.com.br\/politica\/noticia\/2026-04\/motta-cria-comissao-para-analisar-pec-da-reducao-da-escala-6x1\" target=\"_blank\">A comiss\u00e3o foi criada\u00a0na sexta-feira (24)<\/a>\u00a0ap\u00f3s <a href=\"https:\/\/agenciabrasil.ebc.com.br\/politica\/noticia\/2026-04\/ccj-aprova-admissibilidade-de-propostas-que-acabam-com-escala-6x1\" target=\"_blank\">a proposta ter a sua admissibilidade aprovada na Comiss\u00e3o de Constitui\u00e7\u00e3o e Justi\u00e7a (CCJ), na quarta-feira (22)<\/a>.<\/p>\n<p>Ontem (28), ao anunciar a instala\u00e7\u00e3o do colegiado, o presidente da Casa, Hugo Motta (Republicanos-PB), disse que conversou com o presidente e o relator da comiss\u00e3o para conduzir o debate ouvindo amplos setores da sociedade. Motta citou como exemplo\u00a0trabalhadores, empres\u00e1rios, Judici\u00e1rio, governo, pesquisadores, universidades, entre outros.<\/p>\n","protected":false},"excerpt":{"rendered":"<p>A C\u00e2mara dos Deputados instalou nesta quarta-feira\u00a0(29) a comiss\u00e3o especial que analisar\u00e1 a Proposta de Emenda \u00e0 Constitui\u00e7\u00e3o (PEC) 221\/19, que trata da redu\u00e7\u00e3o da jornada de trabalho no pa\u00eds e extingue a escala 6&#215;1. O deputado federal Alencar Santana (PT-SP) foi eleito para presidir os trabalhos por 28 votos favor\u00e1veis e tr\u00eas brancos, e [&hellip;]<\/p>\n","protected":false},"author":50,"featured_media":28490,"comment_status":"open","ping_status":"open","sticky":false,"template":"","format":"standard","meta":{"site-sidebar-layout":"default","site-content-layout":"","ast-site-content-layout":"default","site-content-style":"default","site-sidebar-style":"default","ast-global-header-display":"","ast-banner-title-visibility":"","ast-main-header-display":"","ast-hfb-above-header-display":"","ast-hfb-below-header-display":"","ast-hfb-mobile-header-display":"","site-post-title":"","ast-breadcrumbs-content":"","ast-featured-img":"","footer-sml-layout":"","ast-disable-related-posts":"","theme-transparent-header-meta":"","adv-header-id-meta":"","stick-header-meta":"","header-above-stick-meta":"","header-main-stick-meta":"","header-below-stick-meta":"","astra-migrate-meta-layouts":"default","ast-page-background-enabled":"default","ast-page-background-meta":{"desktop":{"background-color":"var(--ast-global-color-4)","background-image":"","background-repeat":"repeat","background-position":"center center","background-size":"auto","background-attachment":"scroll","background-type":"","background-media":"","overlay-type":"","overlay-color":"","overlay-opacity":"","overlay-gradient":""},"tablet":{"background-color":"","background-image":"","background-repeat":"repeat","background-position":"center center","background-size":"auto","background-attachment":"scroll","background-type":"","background-media":"","overlay-type":"","overlay-color":"","overlay-opacity":"","overlay-gradient":""},"mobile":{"background-color":"","background-image":"","background-repeat":"repeat","background-position":"center center","background-size":"auto","background-attachment":"scroll","background-type":"","background-media":"","overlay-type":"","overlay-color":"","overlay-opacity":"","overlay-gradient":""}},"ast-content-background-meta":{"desktop":{"background-color":"var(--ast-global-color-5)","background-image":"","background-repeat":"repeat","background-position":"center center","background-size":"auto","background-attachment":"scroll","background-type":"","background-media":"","overlay-type":"","overlay-color":"","overlay-opacity":"","overlay-gradient":""},"tablet":{"background-color":"var(--ast-global-color-5)","background-image":"","background-repeat":"repeat","background-position":"center center","background-size":"auto","background-attachment":"scroll","background-type":"","background-media":"","overlay-type":"","overlay-color":"","overlay-opacity":"","overlay-gradient":""},"mobile":{"background-color":"var(--ast-global-color-5)","background-image":"","background-repeat":"repeat","background-position":"center center","background-size":"auto","background-attachment":"scroll","background-type":"","background-media":"","overlay-type":"","overlay-color":"","overlay-opacity":"","overlay-gradient":""}},"footnotes":""},"categories":[4],"tags":[],"class_list":["post-28489","post","type-post","status-publish","format-standard","has-post-thumbnail","hentry","category-politica"],"_links":{"self":[{"href":"https:\/\/jornalpacity.com.br\/index.php?rest_route=\/wp\/v2\/posts\/28489","targetHints":{"allow":["GET"]}}],"collection":[{"href":"https:\/\/jornalpacity.com.br\/index.php?rest_route=\/wp\/v2\/posts"}],"about":[{"href":"https:\/\/jornalpacity.com.br\/index.php?rest_route=\/wp\/v2\/types\/post"}],"author":[{"embeddable":true,"href":"https:\/\/jornalpacity.com.br\/index.php?rest_route=\/wp\/v2\/users\/50"}],"replies":[{"embeddable":true,"href":"https:\/\/jornalpacity.com.br\/index.php?rest_route=%2Fwp%2Fv2%2Fcomments&post=28489"}],"version-history":[{"count":0,"href":"https:\/\/jornalpacity.com.br\/index.php?rest_route=\/wp\/v2\/posts\/28489\/revisions"}],"wp:featuredmedia":[{"embeddable":true,"href":"https:\/\/jornalpacity.com.br\/index.php?rest_route=\/wp\/v2\/media\/28490"}],"wp:attachment":[{"href":"https:\/\/jornalpacity.com.br\/index.php?rest_route=%2Fwp%2Fv2%2Fmedia&parent=28489"}],"wp:term":[{"taxonomy":"category","embeddable":true,"href":"https:\/\/jornalpacity.com.br\/index.php?rest_route=%2Fwp%2Fv2%2Fcategories&post=28489"},{"taxonomy":"post_tag","embeddable":true,"href":"https:\/\/jornalpacity.com.br\/index.php?rest_route=%2Fwp%2Fv2%2Ftags&post=28489"}],"curies":[{"name":"wp","href":"https:\/\/api.w.org\/{rel}","templated":true}]}}