{"id":28495,"date":"2026-04-29T18:54:26","date_gmt":"2026-04-29T21:54:26","guid":{"rendered":"https:\/\/jornalpacity.com.br\/?p=28495"},"modified":"2026-04-29T18:54:26","modified_gmt":"2026-04-29T21:54:26","slug":"ccj-do-senado-aprova-nome-de-jorge-messias-para-o-stf","status":"publish","type":"post","link":"https:\/\/jornalpacity.com.br\/?p=28495","title":{"rendered":"CCJ do Senado aprova nome de Jorge Messias para o STF"},"content":{"rendered":"<\/p>\n<p><a class=\"\" href=\"https:\/\/agenciabrasil.ebc.com.br\/politica\/noticia\/2026-04\/ccj-do-senado-aprova-nome-de-jorge-messias-para-o-stf\"><br \/>\n                    <img decoding=\"async\" src=\"https:\/\/cdn.jsdelivr.net\/gh\/sergiosdlima\/assets-ebc@1.0.0\/abr\/assets\/images\/logo-agenciabrasil.svg\" alt=\"Logo Ag\u00eancia Brasil\"><br \/>\n\t\t\t\t<\/a><\/p>\n<p><strong>A Comiss\u00e3o de Constitui\u00e7\u00e3o e Justi\u00e7a (CCJ) do Senado aprovou nesta quarta-feira (29) a indica\u00e7\u00e3o de Jorge Rodrigo Ara\u00fajo Messias para o cargo de ministro do Supremo Tribunal Federal (STF). Foram 16 votos favor\u00e1veis\u00a0e 11 contr\u00e1rios. <\/strong>Com a aprova\u00e7\u00e3o, a indica\u00e7\u00e3o segue para vota\u00e7\u00e3o no plen\u00e1rio do Senado, onde precisa obter o voto favor\u00e1vel de pelo menos 41 dos 81 senadores.<img decoding=\"async\" src=\"https:\/\/agenciabrasil.ebc.com.br\/ebc.png?id=1687715&#038;o=rss\"><img decoding=\"async\" src=\"https:\/\/agenciabrasil.ebc.com.br\/ebc.gif?id=1687715&#038;o=rss\"><\/p>\n<p>A CCJ aprovou ainda um pedido de urg\u00eancia para a vota\u00e7\u00e3o da indica\u00e7\u00e3o no plen\u00e1rio. <strong>De acordo com o presidente do Senado, Davi Alcolumbre (Uni\u00e3o-AP), a indica\u00e7\u00e3o de Jorge Messias ser\u00e1 levada para vota\u00e7\u00e3o em plen\u00e1rio ainda hoje<\/strong>.<\/p>\n<\/p>\n<h3>Not\u00edcias relacionadas:<\/h3>\n<ul>\n<li><a href=\"https:\/\/agenciabrasil.ebc.com.br\/politica\/noticia\/2026-04\/messias-diz-que-conciliacao-e-melhor-solucao-para-conflitos-por-terra\">Messias diz que concilia\u00e7\u00e3o \u00e9 melhor solu\u00e7\u00e3o para conflitos por terra.<\/a><\/li>\n<li><a href=\"https:\/\/agenciabrasil.ebc.com.br\/politica\/noticia\/2026-04\/em-sabatina-messias-defende-autocontencao-do-stf-em-pautas-polemicas\">Em sabatina, Messias defende autoconten\u00e7\u00e3o do STF em pautas pol\u00eamicas.<\/a><\/li>\n<\/ul>\n<p>A sabatina do advogado-geral da Uni\u00e3o no colegiado teve in\u00edcio por volta das 9h. Pouco depois das 12h, o painel de vota\u00e7\u00e3o foi aberto. A vota\u00e7\u00e3o foi encerrada perto das 18h. Durante a sabatina, Messias respondeu a perguntas de senadores da base governista e da oposi\u00e7\u00e3o.<\/p>\n<p><a href=\"https:\/\/www.whatsapp.com\/channel\/0029VaoRTgrInlqYLSk59B2M\" target=\"_blank\">>> Siga o canal da Ag\u00eancia Brasil no WhatsApp<\/a><\/p>\n<p><strong>O indicado \u00e0\u00a0mais alta Corte do pa\u00eds defendeu que \u00e9 dever do Supremo se aprimorar e <a href=\"https:\/\/agenciabrasil.ebc.com.br\/politica\/noticia\/2026-04\/em-sabatina-messias-defende-autocontencao-do-stf-em-pautas-polemicas\" target=\"_blank\">exercer a autoconten\u00e7\u00e3o<\/a> em pautas que dividem a sociedade<\/strong>.<\/p>\n<blockquote>\n<p>\u201cPrecisamos, por sua import\u00e2ncia, de que o STF se mantenha aberto permanentemente ao aperfei\u00e7oamento. A percep\u00e7\u00e3o p\u00fablica de que cortes supremas resistem \u00e0 autocr\u00edtica e ao aperfei\u00e7oamento institucional tende a pressionar a rela\u00e7\u00e3o entre a jurisdi\u00e7\u00e3o e a nossa democracia\u201d, disse Messias em sua fala inicial \u00e0 CCJ.<\/p>\n<\/blockquote>\n<p>Declarando-se evang\u00e9lico, <strong>Messias manifestou-se a favor do Estado laico<\/strong>.<\/p>\n<blockquote>\n<p>\u201cA minha identidade \u00e9 evang\u00e9lica. Todavia, o Estado constitucional \u00e9 laico. Uma laicidade clara, mas colaborativa, que fomenta o di\u00e1logo construtivo entre o Estado e todas as religi\u00f5es\u201d, destacou o indicado ao Supremo.<\/p>\n<\/blockquote>\n<p><strong>Ele tamb\u00e9m defendeu que o <a href=\"https:\/\/agenciabrasil.ebc.com.br\/politica\/noticia\/2026-04\/messias-diz-que-conciliacao-e-melhor-solucao-para-conflitos-por-terra\" target=\"_blank\">Judici\u00e1rio atue por meio da concilia\u00e7\u00e3o<\/a> para pacificar conflitos por terra no campo brasileiro<\/strong>.\u00a0\u201cA melhor forma que n\u00f3s temos de compor os conflitos de interesse desse pa\u00eds, principalmente conflitos fundi\u00e1rios, \u00e9 a concilia\u00e7\u00e3o, o di\u00e1logo, a pacifica\u00e7\u00e3o\u201d, disse.<\/p>\n<p>Sobre os conflitos em torno do marco temporal para a demarca\u00e7\u00e3o de terras ind\u00edgenas, o indicado ao STF destacou que n\u00e3o \u00e9 poss\u00edvel \u201ctransigir naquilo que a Constitui\u00e7\u00e3o estabelece\u201d.<\/p>\n<p>\u201cMas n\u00f3s tamb\u00e9m n\u00e3o podemos retirar do propriet\u00e1rio de terra leg\u00edtimo um direito \u00e0 justa indeniza\u00e7\u00e3o ou uma pacifica\u00e7\u00e3o\u201d, completou, acrescentando que o melhor caminho para a \u201cpaz social&#8221; \u00e9\u00a0conciliar o direito \u00e0 propriedade privada com o direito dos povos ind\u00edgenas..<\/p>\n<p><strong>Jorge Messias destacou ainda, durante a sabatina, que \u00e9 \u201ctotalmente contra o aborto\u201d.<\/strong><\/p>\n<blockquote>\n<p>\u201cDa minha parte n\u00e3o haver\u00e1 qualquer tipo de a\u00e7\u00e3o, de ativismo em rela\u00e7\u00e3o ao tema aborto, na minha jurisdi\u00e7\u00e3o constitucional. Eu quero deixar absolutamente vossas excel\u00eancias tranquilas quanto a isso\u201d, disse.<\/p>\n<\/blockquote>\n<p>Messias ponderou que essa \u00e9 uma concep\u00e7\u00e3o \u201cpessoal, filos\u00f3fica e crist\u00e3\u201d dele, n\u00e3o sendo esse um tema para o Judici\u00e1rio, por ser de compet\u00eancia privativa do Congresso Nacional.<\/p>\n<p>Questionado sobre os atos golpistas de 8 de janeiro de 2023, Messias disse que a Advocacia-Geral da Uni\u00e3o (AGU) n\u00e3o foi omissa na repara\u00e7\u00e3o dos danos. <strong>Ele informou aos senadores que o \u00f3rg\u00e3o entrou com 26 a\u00e7\u00f5es cobrando repara\u00e7\u00e3o, tendo obtido R$ 26 milh\u00f5es para bancar os reparos.<\/strong><\/p>\n<p>Sobre sua idade, Messias, que tem 46 anos, lembrou que em 2021 o agora ministro do STF\u00a0Andr\u00e9 Mendon\u00e7a\u00a0foi sabatinado pelo Senado com a mesma faixa et\u00e1ria que ele (tinha 48 anos) e ocupava o mesmo cargo de advogado-geral da Uni\u00e3o.<\/p>\n<p>A indica\u00e7\u00e3o de Jorge Messias foi anunciada pelo presidente Luiz In\u00e1cio Lula da Silva <a href=\"https:\/\/agenciabrasil.ebc.com.br\/justica\/noticia\/2025-11\/lula-indica-messias-para-vaga-de-barroso-no-stf\" target=\"_blank\">h\u00e1 cerca de cinco meses<\/a>, mas a mensagem oficial com a indica\u00e7\u00e3o (MSF 7\/2026) s\u00f3 <a href=\"https:\/\/agenciabrasil.ebc.com.br\/politica\/noticia\/2026-04\/presidencia-da-republica-oficializa-indicacao-de-jorge-messias-ao-stf\" target=\"_blank\">chegou ao Senado no in\u00edcio de abril<\/a>.<\/p>\n<p>Ele foi indicado pelo governo federal\u00a0para assumir a vaga deixada pelo ministro Lu\u00eds Roberto Barroso, que anunciou <a href=\"https:\/\/agenciabrasil.ebc.com.br\/justica\/noticia\/2025-10\/aposentadoria-de-barroso-e-publicada-no-diario-oficial\" target=\"_blank\">aposentadoria<\/a> antecipada da Corte e deixou o tribunal em outubro de 2025.\u00a0<\/p>\n<p><em>Mat\u00e9ria ampliada \u00e0s 18h18.<\/em><\/p>\n","protected":false},"excerpt":{"rendered":"<p>A Comiss\u00e3o de Constitui\u00e7\u00e3o e Justi\u00e7a (CCJ) do Senado aprovou nesta quarta-feira (29) a indica\u00e7\u00e3o de Jorge Rodrigo Ara\u00fajo Messias para o cargo de ministro do Supremo Tribunal Federal (STF). Foram 16 votos favor\u00e1veis\u00a0e 11 contr\u00e1rios. Com a aprova\u00e7\u00e3o, a indica\u00e7\u00e3o segue para vota\u00e7\u00e3o no plen\u00e1rio do Senado, onde precisa obter o voto favor\u00e1vel de [&hellip;]<\/p>\n","protected":false},"author":50,"featured_media":28496,"comment_status":"open","ping_status":"open","sticky":false,"template":"","format":"standard","meta":{"site-sidebar-layout":"default","site-content-layout":"","ast-site-content-layout":"default","site-content-style":"default","site-sidebar-style":"default","ast-global-header-display":"","ast-banner-title-visibility":"","ast-main-header-display":"","ast-hfb-above-header-display":"","ast-hfb-below-header-display":"","ast-hfb-mobile-header-display":"","site-post-title":"","ast-breadcrumbs-content":"","ast-featured-img":"","footer-sml-layout":"","ast-disable-related-posts":"","theme-transparent-header-meta":"","adv-header-id-meta":"","stick-header-meta":"","header-above-stick-meta":"","header-main-stick-meta":"","header-below-stick-meta":"","astra-migrate-meta-layouts":"default","ast-page-background-enabled":"default","ast-page-background-meta":{"desktop":{"background-color":"var(--ast-global-color-4)","background-image":"","background-repeat":"repeat","background-position":"center center","background-size":"auto","background-attachment":"scroll","background-type":"","background-media":"","overlay-type":"","overlay-color":"","overlay-opacity":"","overlay-gradient":""},"tablet":{"background-color":"","background-image":"","background-repeat":"repeat","background-position":"center center","background-size":"auto","background-attachment":"scroll","background-type":"","background-media":"","overlay-type":"","overlay-color":"","overlay-opacity":"","overlay-gradient":""},"mobile":{"background-color":"","background-image":"","background-repeat":"repeat","background-position":"center center","background-size":"auto","background-attachment":"scroll","background-type":"","background-media":"","overlay-type":"","overlay-color":"","overlay-opacity":"","overlay-gradient":""}},"ast-content-background-meta":{"desktop":{"background-color":"var(--ast-global-color-5)","background-image":"","background-repeat":"repeat","background-position":"center center","background-size":"auto","background-attachment":"scroll","background-type":"","background-media":"","overlay-type":"","overlay-color":"","overlay-opacity":"","overlay-gradient":""},"tablet":{"background-color":"var(--ast-global-color-5)","background-image":"","background-repeat":"repeat","background-position":"center center","background-size":"auto","background-attachment":"scroll","background-type":"","background-media":"","overlay-type":"","overlay-color":"","overlay-opacity":"","overlay-gradient":""},"mobile":{"background-color":"var(--ast-global-color-5)","background-image":"","background-repeat":"repeat","background-position":"center center","background-size":"auto","background-attachment":"scroll","background-type":"","background-media":"","overlay-type":"","overlay-color":"","overlay-opacity":"","overlay-gradient":""}},"footnotes":""},"categories":[4],"tags":[],"class_list":["post-28495","post","type-post","status-publish","format-standard","has-post-thumbnail","hentry","category-politica"],"_links":{"self":[{"href":"https:\/\/jornalpacity.com.br\/index.php?rest_route=\/wp\/v2\/posts\/28495","targetHints":{"allow":["GET"]}}],"collection":[{"href":"https:\/\/jornalpacity.com.br\/index.php?rest_route=\/wp\/v2\/posts"}],"about":[{"href":"https:\/\/jornalpacity.com.br\/index.php?rest_route=\/wp\/v2\/types\/post"}],"author":[{"embeddable":true,"href":"https:\/\/jornalpacity.com.br\/index.php?rest_route=\/wp\/v2\/users\/50"}],"replies":[{"embeddable":true,"href":"https:\/\/jornalpacity.com.br\/index.php?rest_route=%2Fwp%2Fv2%2Fcomments&post=28495"}],"version-history":[{"count":0,"href":"https:\/\/jornalpacity.com.br\/index.php?rest_route=\/wp\/v2\/posts\/28495\/revisions"}],"wp:featuredmedia":[{"embeddable":true,"href":"https:\/\/jornalpacity.com.br\/index.php?rest_route=\/wp\/v2\/media\/28496"}],"wp:attachment":[{"href":"https:\/\/jornalpacity.com.br\/index.php?rest_route=%2Fwp%2Fv2%2Fmedia&parent=28495"}],"wp:term":[{"taxonomy":"category","embeddable":true,"href":"https:\/\/jornalpacity.com.br\/index.php?rest_route=%2Fwp%2Fv2%2Fcategories&post=28495"},{"taxonomy":"post_tag","embeddable":true,"href":"https:\/\/jornalpacity.com.br\/index.php?rest_route=%2Fwp%2Fv2%2Ftags&post=28495"}],"curies":[{"name":"wp","href":"https:\/\/api.w.org\/{rel}","templated":true}]}}