{"id":28501,"date":"2026-04-29T19:54:37","date_gmt":"2026-04-29T22:54:37","guid":{"rendered":"https:\/\/jornalpacity.com.br\/?p=28501"},"modified":"2026-04-29T19:54:37","modified_gmt":"2026-04-29T22:54:37","slug":"senado-rejeita-indicacao-de-messias-para-o-stf","status":"publish","type":"post","link":"https:\/\/jornalpacity.com.br\/?p=28501","title":{"rendered":"Senado rejeita indica\u00e7\u00e3o de Messias para o STF"},"content":{"rendered":"<\/p>\n<p><a class=\"\" href=\"https:\/\/agenciabrasil.ebc.com.br\/politica\/noticia\/2026-04\/senado-rejeita-indicacao-de-messias-para-stf\"><br \/>\n                    <img decoding=\"async\" src=\"https:\/\/cdn.jsdelivr.net\/gh\/sergiosdlima\/assets-ebc@1.0.0\/abr\/assets\/images\/logo-agenciabrasil.svg\" alt=\"Logo Ag\u00eancia Brasil\"><br \/>\n\t\t\t\t<\/a><\/p>\n<p><strong>Em uma decis\u00e3o in\u00e9dita, o plen\u00e1rio do Senado rejeitou nesta quarta-feira (29) a indica\u00e7\u00e3o de Jorge Messias para o cargo de ministro do Supremo Tribunal Federal (STF).\u00a0Foram 42 votos contr\u00e1rios e 34 favor\u00e1veis. <\/strong><img decoding=\"async\" src=\"https:\/\/agenciabrasil.ebc.com.br\/ebc.png?id=1687729&#038;o=rss\"><img decoding=\"async\" src=\"https:\/\/agenciabrasil.ebc.com.br\/ebc.gif?id=1687729&#038;o=rss\"><\/p>\n<p>Para que a indica\u00e7\u00e3o de Messias fosse aprovada eram necess\u00e1rios pelo menos 41 votos dos 81 senadores. Com a rejei\u00e7\u00e3o, a indica\u00e7\u00e3o foi arquivada.<\/p>\n<\/p>\n<h3>Not\u00edcias relacionadas:<\/h3>\n<ul>\n<li><a href=\"https:\/\/agenciabrasil.ebc.com.br\/politica\/noticia\/2026-04\/ccj-do-senado-aprova-nome-de-jorge-messias-para-o-stf\">CCJ do Senado aprova nome de Jorge Messias para o STF.<\/a><\/li>\n<li><a href=\"https:\/\/agenciabrasil.ebc.com.br\/politica\/noticia\/2026-04\/messias-diz-que-conciliacao-e-melhor-solucao-para-conflitos-por-terra\">Messias diz que concilia\u00e7\u00e3o \u00e9 melhor solu\u00e7\u00e3o para conflitos por terra.<\/a><\/li>\n<li><a href=\"https:\/\/agenciabrasil.ebc.com.br\/politica\/noticia\/2026-04\/em-sabatina-messias-defende-autocontencao-do-stf-em-pautas-polemicas\">Em sabatina, Messias defende autoconten\u00e7\u00e3o do STF em pautas pol\u00eamicas.<\/a><\/li>\n<\/ul>\n<p><strong>Esta \u00e9 a primeira vez em mais de 130 anos que o nome de um indicado a ministro do STF \u00e9 rejeitado. <\/strong><\/p>\n<p>A vota\u00e7\u00e3o da indica\u00e7\u00e3o de Jorge Messias durou pouco mais de sete minutos. Senadores da oposi\u00e7\u00e3o comemoraram a derrota do governo, enquanto parlamentares da base governista estavam sem entender a situa\u00e7\u00e3o.<\/p>\n<p>Ap\u00f3s a rejei\u00e7\u00e3o, o presidente do Senado, Davi Alcolumbre (Uni\u00e3o-AP) encerrou a sess\u00e3o por volta das 19h15.\u00a0<\/p>\n<p>O relator da indica\u00e7\u00e3o de Messias na Comiss\u00e3o de Constitui\u00e7\u00e3o e Justi\u00e7a (CCJ), Weverton Rocha (PDT-MA) chegou a dizer que a avalia\u00e7\u00e3o era de que Messias teria entre 45 e 48 votos pela sua aprova\u00e7\u00e3o.<\/p>\n<p>Antes da vota\u00e7\u00e3o, os senadores aprovaram indica\u00e7\u00f5es para vagas do Conselho Nacional do Minist\u00e9rio P\u00fablico (CNMP) e do Conselho Nacional de Justi\u00e7a. Tamb\u00e9m foram aprovadas as indica\u00e7\u00f5es de Margareth Rodrigues Costa, para ministra do Tribunal Superior do Trabalho (TST) e de Tarcijany\u00a0Linhares Aguiar Machado para o cargo de defensora p\u00fablica-geral federal\u00a0da\u00a0Defensoria P\u00fablica da Uni\u00e3o.<\/p>\n<p><strong>Mais cedo, <a href=\"https:\/\/agenciabrasil.ebc.com.br\/politica\/noticia\/2026-04\/ccj-do-senado-aprova-nome-de-jorge-messias-para-o-stf\">a CCJ\u00a0havia aprovado <\/a>o nome de Messias para o cargo de ministro da mais alta corte por 16 votos favor\u00e1veis e 11 contr\u00e1rios.<\/strong><\/p>\n<p>Durante a sabatina, Messias <a href=\"https:\/\/agenciabrasil.ebc.com.br\/politica\/noticia\/2026-04\/messias-diz-que-conciliacao-e-melhor-solucao-para-conflitos-por-terra\">respondeu a perguntas<\/a> de senadores da base governista e da oposi\u00e7\u00e3o.<\/p>\n<p>A indica\u00e7\u00e3o de Jorge Messias foi anunciada pelo presidente Luiz In\u00e1cio Lula da Silva\u00a0<a href=\"https:\/\/agenciabrasil.ebc.com.br\/justica\/noticia\/2025-11\/lula-indica-messias-para-vaga-de-barroso-no-stf\">h\u00e1 cerca de cinco meses<\/a>, mas a mensagem oficial com a indica\u00e7\u00e3o (MSF 7\/2026) s\u00f3\u00a0<a href=\"https:\/\/agenciabrasil.ebc.com.br\/politica\/noticia\/2026-04\/presidencia-da-republica-oficializa-indicacao-de-jorge-messias-ao-stf\">chegou ao Senado<\/a> no in\u00edcio de abril.<\/p>\n<p>Ele foi indicado pelo governo federal\u00a0para assumir a vaga deixada pelo ministro Lu\u00eds Roberto Barroso, que anunciou\u00a0aposentadoria\u00a0antecipada da Corte e deixou o tribunal em outubro de 2025.\u00a0<\/p>\n<p>\u00a0<\/p>\n<p>Mat\u00e9ria atualizada \u00e0s 19h31 para acr\u00e9scimo de infoma\u00e7\u00f5es<\/p>\n","protected":false},"excerpt":{"rendered":"<p>Em uma decis\u00e3o in\u00e9dita, o plen\u00e1rio do Senado rejeitou nesta quarta-feira (29) a indica\u00e7\u00e3o de Jorge Messias para o cargo de ministro do Supremo Tribunal Federal (STF).\u00a0Foram 42 votos contr\u00e1rios e 34 favor\u00e1veis. Para que a indica\u00e7\u00e3o de Messias fosse aprovada eram necess\u00e1rios pelo menos 41 votos dos 81 senadores. Com a rejei\u00e7\u00e3o, a indica\u00e7\u00e3o [&hellip;]<\/p>\n","protected":false},"author":50,"featured_media":28502,"comment_status":"open","ping_status":"open","sticky":false,"template":"","format":"standard","meta":{"site-sidebar-layout":"default","site-content-layout":"","ast-site-content-layout":"default","site-content-style":"default","site-sidebar-style":"default","ast-global-header-display":"","ast-banner-title-visibility":"","ast-main-header-display":"","ast-hfb-above-header-display":"","ast-hfb-below-header-display":"","ast-hfb-mobile-header-display":"","site-post-title":"","ast-breadcrumbs-content":"","ast-featured-img":"","footer-sml-layout":"","ast-disable-related-posts":"","theme-transparent-header-meta":"","adv-header-id-meta":"","stick-header-meta":"","header-above-stick-meta":"","header-main-stick-meta":"","header-below-stick-meta":"","astra-migrate-meta-layouts":"default","ast-page-background-enabled":"default","ast-page-background-meta":{"desktop":{"background-color":"var(--ast-global-color-4)","background-image":"","background-repeat":"repeat","background-position":"center center","background-size":"auto","background-attachment":"scroll","background-type":"","background-media":"","overlay-type":"","overlay-color":"","overlay-opacity":"","overlay-gradient":""},"tablet":{"background-color":"","background-image":"","background-repeat":"repeat","background-position":"center center","background-size":"auto","background-attachment":"scroll","background-type":"","background-media":"","overlay-type":"","overlay-color":"","overlay-opacity":"","overlay-gradient":""},"mobile":{"background-color":"","background-image":"","background-repeat":"repeat","background-position":"center center","background-size":"auto","background-attachment":"scroll","background-type":"","background-media":"","overlay-type":"","overlay-color":"","overlay-opacity":"","overlay-gradient":""}},"ast-content-background-meta":{"desktop":{"background-color":"var(--ast-global-color-5)","background-image":"","background-repeat":"repeat","background-position":"center center","background-size":"auto","background-attachment":"scroll","background-type":"","background-media":"","overlay-type":"","overlay-color":"","overlay-opacity":"","overlay-gradient":""},"tablet":{"background-color":"var(--ast-global-color-5)","background-image":"","background-repeat":"repeat","background-position":"center center","background-size":"auto","background-attachment":"scroll","background-type":"","background-media":"","overlay-type":"","overlay-color":"","overlay-opacity":"","overlay-gradient":""},"mobile":{"background-color":"var(--ast-global-color-5)","background-image":"","background-repeat":"repeat","background-position":"center center","background-size":"auto","background-attachment":"scroll","background-type":"","background-media":"","overlay-type":"","overlay-color":"","overlay-opacity":"","overlay-gradient":""}},"footnotes":""},"categories":[4],"tags":[],"class_list":["post-28501","post","type-post","status-publish","format-standard","has-post-thumbnail","hentry","category-politica"],"_links":{"self":[{"href":"https:\/\/jornalpacity.com.br\/index.php?rest_route=\/wp\/v2\/posts\/28501","targetHints":{"allow":["GET"]}}],"collection":[{"href":"https:\/\/jornalpacity.com.br\/index.php?rest_route=\/wp\/v2\/posts"}],"about":[{"href":"https:\/\/jornalpacity.com.br\/index.php?rest_route=\/wp\/v2\/types\/post"}],"author":[{"embeddable":true,"href":"https:\/\/jornalpacity.com.br\/index.php?rest_route=\/wp\/v2\/users\/50"}],"replies":[{"embeddable":true,"href":"https:\/\/jornalpacity.com.br\/index.php?rest_route=%2Fwp%2Fv2%2Fcomments&post=28501"}],"version-history":[{"count":0,"href":"https:\/\/jornalpacity.com.br\/index.php?rest_route=\/wp\/v2\/posts\/28501\/revisions"}],"wp:featuredmedia":[{"embeddable":true,"href":"https:\/\/jornalpacity.com.br\/index.php?rest_route=\/wp\/v2\/media\/28502"}],"wp:attachment":[{"href":"https:\/\/jornalpacity.com.br\/index.php?rest_route=%2Fwp%2Fv2%2Fmedia&parent=28501"}],"wp:term":[{"taxonomy":"category","embeddable":true,"href":"https:\/\/jornalpacity.com.br\/index.php?rest_route=%2Fwp%2Fv2%2Fcategories&post=28501"},{"taxonomy":"post_tag","embeddable":true,"href":"https:\/\/jornalpacity.com.br\/index.php?rest_route=%2Fwp%2Fv2%2Ftags&post=28501"}],"curies":[{"name":"wp","href":"https:\/\/api.w.org\/{rel}","templated":true}]}}