{"id":28533,"date":"2026-04-30T09:54:17","date_gmt":"2026-04-30T12:54:17","guid":{"rendered":"https:\/\/jornalpacity.com.br\/?p=28533"},"modified":"2026-04-30T09:54:17","modified_gmt":"2026-04-30T12:54:17","slug":"receita-paga-lote-da-malha-fina-do-imposto-de-renda-nesta-quinta-feira","status":"publish","type":"post","link":"https:\/\/jornalpacity.com.br\/?p=28533","title":{"rendered":"Receita paga lote da malha fina do Imposto de Renda nesta quinta-feira"},"content":{"rendered":"<\/p>\n<p><a class=\"\" href=\"https:\/\/agenciabrasil.ebc.com.br\/economia\/noticia\/2026-04\/receita-paga-lote-da-malha-fina-do-imposto-de-renda\"><br \/>\n                    <img decoding=\"async\" src=\"https:\/\/cdn.jsdelivr.net\/gh\/sergiosdlima\/assets-ebc@1.0.0\/abr\/assets\/images\/logo-agenciabrasil.svg\" alt=\"Logo Ag\u00eancia Brasil\"><br \/>\n\t\t\t\t<\/a><\/p>\n<p>Cerca de 415 mil contribuintes que ca\u00edram na malha fina e regularizaram as pend\u00eancias com o Fisco v\u00e3o acertar as contas com o Le\u00e3o.<img decoding=\"async\" src=\"https:\/\/agenciabrasil.ebc.com.br\/ebc.png?id=1687402&#038;o=rss\"><img decoding=\"async\" src=\"https:\/\/agenciabrasil.ebc.com.br\/ebc.gif?id=1687402&#038;o=rss\"><\/p>\n<p><strong>Nesta quinta-feira (30), a Receita Federal paga o lote da malha fina de abril, que tamb\u00e9m contempla restitui\u00e7\u00f5es residuais de anos anteriores.<\/strong><\/p>\n<\/p>\n<h3>Not\u00edcias relacionadas:<\/h3>\n<ul>\n<li><a href=\"https:\/\/agenciabrasil.ebc.com.br\/economia\/noticia\/2026-03\/ir-radioagencia-nacional-lanca-nova-temporada-da-serie-tira-duvidas\">Radioag\u00eancia Nacional lan\u00e7a nova temporada da s\u00e9rie Tira-D\u00favidas do IR.<\/a><\/li>\n<\/ul>\n<p><strong>Ao todo, 415.277 contribuintes receber\u00e3o R$ 592,2 milh\u00f5es. Desse total, R$ 256,8 milh\u00f5es ir\u00e3o para contribuintes com prioridade legal no reembolso.<\/strong><\/p>\n<p>As restitui\u00e7\u00f5es est\u00e3o distribu\u00eddas da seguinte forma:<\/p>\n<ul>\n<li>334.614 contribuintes que usaram a declara\u00e7\u00e3o pr\u00e9-preenchida e\/ou optaram simultaneamente por receber a restitui\u00e7\u00e3o via Pix;<\/li>\n<li>32.231 contribuintes sem prioridade;<\/li>\n<li>28.572 contribuintes de 60 a 79 anos;<\/li>\n<li>10.521 contribuintes cuja maior fonte de renda seja o magist\u00e9rio;<\/li>\n<li>4.731 contribuintes acima de 80 anos;<\/li>\n<li>4.608 contribuintes com defici\u00eancia f\u00edsica ou mental ou doen\u00e7a grave.<\/li>\n<\/ul>\n<p>A consulta pode ser feita na <a href=\"https:\/\/www.gov.br\/receitafederal\/pt-br\" target=\"_blank\">p\u00e1gina da Receita Federal na internet<\/a>\u00a0desde o \u00faltimo dia 23. Basta o contribuinte clicar em Meu Imposto de Renda e, em seguida, no bot\u00e3o Consultar a Restitui\u00e7\u00e3o. Tamb\u00e9m \u00e9 poss\u00edvel fazer a consulta no aplicativo da Receita Federal para <em>tablets<\/em> e <em>smartphones<\/em>.<\/p>\n<h2>Pagamento<\/h2>\n<p><strong>O pagamento ser\u00e1 feito na conta ou na chave Pix do tipo CPF informada na declara\u00e7\u00e3o do Imposto de Renda. <\/strong>Caso o contribuinte n\u00e3o esteja na lista, dever\u00e1 entrar no <a href=\"https:\/\/cav.receita.fazenda.gov.br\/\" target=\"_blank\">Centro Virtual de Atendimento ao Contribuinte<\/a> (e-CAC)\u00a0e tirar o extrato da declara\u00e7\u00e3o. Se verificar uma pend\u00eancia, pode enviar uma declara\u00e7\u00e3o retificadora e esperar os pr\u00f3ximos lotes da malha fina.<\/p>\n<p>Se, por algum motivo, a restitui\u00e7\u00e3o n\u00e3o for depositada na conta informada na declara\u00e7\u00e3o, como no caso de conta desativada, os valores ficar\u00e3o dispon\u00edveis para resgate por at\u00e9 um ano no Banco do Brasil.<\/p>\n<p>Nesse caso, o cidad\u00e3o poder\u00e1 agendar o cr\u00e9dito em qualquer conta banc\u00e1ria em seu nome, por meio do <a href=\"https:\/\/www.bb.com.br\/irpf\" target=\"_blank\">Portal BB<\/a>\u00a0ou ligando para a Central de Relacionamento do banco, nos telefones 4004-0001 (capitais), 0800-729-0001 (demais localidades) e 0800-729-0088 (telefone especial exclusivo para deficientes auditivos).<\/p>\n<p>Caso o contribuinte n\u00e3o resgate o valor de sua restitui\u00e7\u00e3o depois de um ano, dever\u00e1 requerer o valor no Portal e-CAC. Ao entrar na p\u00e1gina, o cidad\u00e3o deve acessando o menu Declara\u00e7\u00f5es e Demonstrativos, clicar em Meu Imposto de Renda e, em seguida, no campo Solicitar Restitui\u00e7\u00e3o N\u00e3o Resgatada na Rede Banc\u00e1ria.<\/p>\n","protected":false},"excerpt":{"rendered":"<p>Cerca de 415 mil contribuintes que ca\u00edram na malha fina e regularizaram as pend\u00eancias com o Fisco v\u00e3o acertar as contas com o Le\u00e3o. Nesta quinta-feira (30), a Receita Federal paga o lote da malha fina de abril, que tamb\u00e9m contempla restitui\u00e7\u00f5es residuais de anos anteriores. Not\u00edcias relacionadas: Radioag\u00eancia Nacional lan\u00e7a nova temporada da s\u00e9rie [&hellip;]<\/p>\n","protected":false},"author":1,"featured_media":28534,"comment_status":"open","ping_status":"open","sticky":false,"template":"","format":"standard","meta":{"site-sidebar-layout":"default","site-content-layout":"","ast-site-content-layout":"default","site-content-style":"default","site-sidebar-style":"default","ast-global-header-display":"","ast-banner-title-visibility":"","ast-main-header-display":"","ast-hfb-above-header-display":"","ast-hfb-below-header-display":"","ast-hfb-mobile-header-display":"","site-post-title":"","ast-breadcrumbs-content":"","ast-featured-img":"","footer-sml-layout":"","ast-disable-related-posts":"","theme-transparent-header-meta":"","adv-header-id-meta":"","stick-header-meta":"","header-above-stick-meta":"","header-main-stick-meta":"","header-below-stick-meta":"","astra-migrate-meta-layouts":"default","ast-page-background-enabled":"default","ast-page-background-meta":{"desktop":{"background-color":"var(--ast-global-color-4)","background-image":"","background-repeat":"repeat","background-position":"center center","background-size":"auto","background-attachment":"scroll","background-type":"","background-media":"","overlay-type":"","overlay-color":"","overlay-opacity":"","overlay-gradient":""},"tablet":{"background-color":"","background-image":"","background-repeat":"repeat","background-position":"center center","background-size":"auto","background-attachment":"scroll","background-type":"","background-media":"","overlay-type":"","overlay-color":"","overlay-opacity":"","overlay-gradient":""},"mobile":{"background-color":"","background-image":"","background-repeat":"repeat","background-position":"center center","background-size":"auto","background-attachment":"scroll","background-type":"","background-media":"","overlay-type":"","overlay-color":"","overlay-opacity":"","overlay-gradient":""}},"ast-content-background-meta":{"desktop":{"background-color":"var(--ast-global-color-5)","background-image":"","background-repeat":"repeat","background-position":"center center","background-size":"auto","background-attachment":"scroll","background-type":"","background-media":"","overlay-type":"","overlay-color":"","overlay-opacity":"","overlay-gradient":""},"tablet":{"background-color":"var(--ast-global-color-5)","background-image":"","background-repeat":"repeat","background-position":"center center","background-size":"auto","background-attachment":"scroll","background-type":"","background-media":"","overlay-type":"","overlay-color":"","overlay-opacity":"","overlay-gradient":""},"mobile":{"background-color":"var(--ast-global-color-5)","background-image":"","background-repeat":"repeat","background-position":"center center","background-size":"auto","background-attachment":"scroll","background-type":"","background-media":"","overlay-type":"","overlay-color":"","overlay-opacity":"","overlay-gradient":""}},"footnotes":""},"categories":[46],"tags":[],"class_list":["post-28533","post","type-post","status-publish","format-standard","has-post-thumbnail","hentry","category-economia"],"_links":{"self":[{"href":"https:\/\/jornalpacity.com.br\/index.php?rest_route=\/wp\/v2\/posts\/28533","targetHints":{"allow":["GET"]}}],"collection":[{"href":"https:\/\/jornalpacity.com.br\/index.php?rest_route=\/wp\/v2\/posts"}],"about":[{"href":"https:\/\/jornalpacity.com.br\/index.php?rest_route=\/wp\/v2\/types\/post"}],"author":[{"embeddable":true,"href":"https:\/\/jornalpacity.com.br\/index.php?rest_route=\/wp\/v2\/users\/1"}],"replies":[{"embeddable":true,"href":"https:\/\/jornalpacity.com.br\/index.php?rest_route=%2Fwp%2Fv2%2Fcomments&post=28533"}],"version-history":[{"count":0,"href":"https:\/\/jornalpacity.com.br\/index.php?rest_route=\/wp\/v2\/posts\/28533\/revisions"}],"wp:featuredmedia":[{"embeddable":true,"href":"https:\/\/jornalpacity.com.br\/index.php?rest_route=\/wp\/v2\/media\/28534"}],"wp:attachment":[{"href":"https:\/\/jornalpacity.com.br\/index.php?rest_route=%2Fwp%2Fv2%2Fmedia&parent=28533"}],"wp:term":[{"taxonomy":"category","embeddable":true,"href":"https:\/\/jornalpacity.com.br\/index.php?rest_route=%2Fwp%2Fv2%2Fcategories&post=28533"},{"taxonomy":"post_tag","embeddable":true,"href":"https:\/\/jornalpacity.com.br\/index.php?rest_route=%2Fwp%2Fv2%2Ftags&post=28533"}],"curies":[{"name":"wp","href":"https:\/\/api.w.org\/{rel}","templated":true}]}}