{"id":28535,"date":"2026-04-30T09:54:31","date_gmt":"2026-04-30T12:54:31","guid":{"rendered":"https:\/\/jornalpacity.com.br\/?p=28535"},"modified":"2026-04-30T09:54:31","modified_gmt":"2026-04-30T12:54:31","slug":"governador-em-exercicio-do-rio-troca-comando-de-secretarias","status":"publish","type":"post","link":"https:\/\/jornalpacity.com.br\/?p=28535","title":{"rendered":"Governador em exerc\u00edcio do Rio troca comando de secretarias"},"content":{"rendered":"<\/p>\n<p><a class=\"\" href=\"https:\/\/agenciabrasil.ebc.com.br\/politica\/noticia\/2026-04\/governador-em-exercicio-do-rio-troca-comando-de-secretarias\"><br \/>\n                    <img decoding=\"async\" src=\"https:\/\/cdn.jsdelivr.net\/gh\/sergiosdlima\/assets-ebc@1.0.0\/abr\/assets\/images\/logo-agenciabrasil.svg\" alt=\"Logo Ag\u00eancia Brasil\"><br \/>\n\t\t\t\t<\/a><\/p>\n<p><strong>O governador em exerc\u00edcio do Rio, Ricardo Couto, nomeou tr\u00eas novos secret\u00e1rios para as pastas da Fazenda, Planejamento e Gest\u00e3o e a Procuradoria-Geral do Estado. <\/strong><img decoding=\"async\" src=\"https:\/\/agenciabrasil.ebc.com.br\/ebc.png?id=1687777&#038;o=rss\"><img decoding=\"async\" src=\"https:\/\/agenciabrasil.ebc.com.br\/ebc.gif?id=1687777&#038;o=rss\"><\/p>\n<p>A iniciativa d\u00e1 continuidade ao processo de revis\u00e3o de estruturas administrativas das secretarias. <strong>As nomea\u00e7\u00f5es foram publicadas no <a href=\"https:\/\/doweb.rio.rj.gov.br\/\" target=\"_blank\">Di\u00e1rio Oficial<\/a>, nessa quarta-feira (29).<\/strong><\/p>\n<\/p>\n<h3>Not\u00edcias relacionadas:<\/h3>\n<ul>\n<li><a href=\"https:\/\/agenciabrasil.ebc.com.br\/politica\/noticia\/2026-04\/relator-da-cpi-do-crime-pede-intervencao-federal-no-rio-de-janeiro\">Relator da CPI do Crime pede interven\u00e7\u00e3o federal no Rio de Janeiro.<\/a><\/li>\n<\/ul>\n<p><strong>Esta \u00e9 a segunda passagem de Guilherme Merc\u00eas pela Secretaria de Fazenda. <\/strong>Ele j\u00e1 ocupou o cargo de secret\u00e1rio em\u00a02020 e 2021. Na \u00e9poca, liderou a ado\u00e7\u00e3o de um conjunto de medidas que evitaram o colapso das contas estaduais e mantiveram o Rio no Regime de Recupera\u00e7\u00e3o Fiscal.<\/p>\n<p><strong>Rafael Abreu assume a secretaria de Planejamento e Gest\u00e3o ap\u00f3s tr\u00eas anos \u00e0 frente da Subsecretaria de Planejamento e Or\u00e7amento.<\/strong> Servidor de carreira desde 2012, \u00e9 especialista em Pol\u00edticas P\u00fablicas e Gest\u00e3o Governamental. Com uma atua\u00e7\u00e3o voltada \u00e0 coordena\u00e7\u00e3o e elabora\u00e7\u00e3o de instrumentos de planejamento e or\u00e7amento, entre novembro de 2015 e abril de 2023, ocupou o cargo de Superintendente de Planejamento, na Subsecretaria de Planejamento e Or\u00e7amento.<\/p>\n<p><strong>O advogado Bruno Teixeira Dubeux retorna ao comando da Procuradoria-Geral do Estado (PGE-RJ), onde esteve entre 2020 e 2023. <\/strong>Foi respons\u00e1vel pela cria\u00e7\u00e3o da Comiss\u00e3o Especial para Combate ao Racismo Estrutural e Institucional (CECREI) e da Comiss\u00e3o Especial para Promo\u00e7\u00e3o da Igualdade de G\u00eanero, ambas institu\u00eddas em 2021e pela modelagem jur\u00eddica da concess\u00e3o do saneamento e pela manuten\u00e7\u00e3o do Estado no Regime de Recupera\u00e7\u00e3o Fiscal.<\/p>\n<p><strong>Na ter\u00e7a-feira (28), o governador em exerc\u00edcio, desembargador Ricardo Couto, nomeou o m\u00e9dico urologista Ronaldo Dami\u00e3o para o cargo de secret\u00e1rio de Sa\u00fade.<\/strong> Com experi\u00eancia t\u00e9cnica e acad\u00eamica, o novo secret\u00e1rio \u00e9 vice-presidente da Academia Nacional de Medicina (ANM). J\u00e1 foi presidente da Sociedade Brasileira de Urologia e atua nas \u00e1reas de cirurgia oncol\u00f3gica e pesquisa urogenital cl\u00ednica e cir\u00fargica.<br \/>\n\u00a0<\/p>\n","protected":false},"excerpt":{"rendered":"<p>O governador em exerc\u00edcio do Rio, Ricardo Couto, nomeou tr\u00eas novos secret\u00e1rios para as pastas da Fazenda, Planejamento e Gest\u00e3o e a Procuradoria-Geral do Estado. A iniciativa d\u00e1 continuidade ao processo de revis\u00e3o de estruturas administrativas das secretarias. As nomea\u00e7\u00f5es foram publicadas no Di\u00e1rio Oficial, nessa quarta-feira (29). Not\u00edcias relacionadas: Relator da CPI do Crime [&hellip;]<\/p>\n","protected":false},"author":57,"featured_media":28536,"comment_status":"open","ping_status":"open","sticky":false,"template":"","format":"standard","meta":{"site-sidebar-layout":"default","site-content-layout":"","ast-site-content-layout":"default","site-content-style":"default","site-sidebar-style":"default","ast-global-header-display":"","ast-banner-title-visibility":"","ast-main-header-display":"","ast-hfb-above-header-display":"","ast-hfb-below-header-display":"","ast-hfb-mobile-header-display":"","site-post-title":"","ast-breadcrumbs-content":"","ast-featured-img":"","footer-sml-layout":"","ast-disable-related-posts":"","theme-transparent-header-meta":"","adv-header-id-meta":"","stick-header-meta":"","header-above-stick-meta":"","header-main-stick-meta":"","header-below-stick-meta":"","astra-migrate-meta-layouts":"default","ast-page-background-enabled":"default","ast-page-background-meta":{"desktop":{"background-color":"var(--ast-global-color-4)","background-image":"","background-repeat":"repeat","background-position":"center center","background-size":"auto","background-attachment":"scroll","background-type":"","background-media":"","overlay-type":"","overlay-color":"","overlay-opacity":"","overlay-gradient":""},"tablet":{"background-color":"","background-image":"","background-repeat":"repeat","background-position":"center center","background-size":"auto","background-attachment":"scroll","background-type":"","background-media":"","overlay-type":"","overlay-color":"","overlay-opacity":"","overlay-gradient":""},"mobile":{"background-color":"","background-image":"","background-repeat":"repeat","background-position":"center center","background-size":"auto","background-attachment":"scroll","background-type":"","background-media":"","overlay-type":"","overlay-color":"","overlay-opacity":"","overlay-gradient":""}},"ast-content-background-meta":{"desktop":{"background-color":"var(--ast-global-color-5)","background-image":"","background-repeat":"repeat","background-position":"center center","background-size":"auto","background-attachment":"scroll","background-type":"","background-media":"","overlay-type":"","overlay-color":"","overlay-opacity":"","overlay-gradient":""},"tablet":{"background-color":"var(--ast-global-color-5)","background-image":"","background-repeat":"repeat","background-position":"center center","background-size":"auto","background-attachment":"scroll","background-type":"","background-media":"","overlay-type":"","overlay-color":"","overlay-opacity":"","overlay-gradient":""},"mobile":{"background-color":"var(--ast-global-color-5)","background-image":"","background-repeat":"repeat","background-position":"center center","background-size":"auto","background-attachment":"scroll","background-type":"","background-media":"","overlay-type":"","overlay-color":"","overlay-opacity":"","overlay-gradient":""}},"footnotes":""},"categories":[4],"tags":[],"class_list":["post-28535","post","type-post","status-publish","format-standard","has-post-thumbnail","hentry","category-politica"],"_links":{"self":[{"href":"https:\/\/jornalpacity.com.br\/index.php?rest_route=\/wp\/v2\/posts\/28535","targetHints":{"allow":["GET"]}}],"collection":[{"href":"https:\/\/jornalpacity.com.br\/index.php?rest_route=\/wp\/v2\/posts"}],"about":[{"href":"https:\/\/jornalpacity.com.br\/index.php?rest_route=\/wp\/v2\/types\/post"}],"author":[{"embeddable":true,"href":"https:\/\/jornalpacity.com.br\/index.php?rest_route=\/wp\/v2\/users\/57"}],"replies":[{"embeddable":true,"href":"https:\/\/jornalpacity.com.br\/index.php?rest_route=%2Fwp%2Fv2%2Fcomments&post=28535"}],"version-history":[{"count":0,"href":"https:\/\/jornalpacity.com.br\/index.php?rest_route=\/wp\/v2\/posts\/28535\/revisions"}],"wp:featuredmedia":[{"embeddable":true,"href":"https:\/\/jornalpacity.com.br\/index.php?rest_route=\/wp\/v2\/media\/28536"}],"wp:attachment":[{"href":"https:\/\/jornalpacity.com.br\/index.php?rest_route=%2Fwp%2Fv2%2Fmedia&parent=28535"}],"wp:term":[{"taxonomy":"category","embeddable":true,"href":"https:\/\/jornalpacity.com.br\/index.php?rest_route=%2Fwp%2Fv2%2Fcategories&post=28535"},{"taxonomy":"post_tag","embeddable":true,"href":"https:\/\/jornalpacity.com.br\/index.php?rest_route=%2Fwp%2Fv2%2Ftags&post=28535"}],"curies":[{"name":"wp","href":"https:\/\/api.w.org\/{rel}","templated":true}]}}