{"id":28541,"date":"2026-04-30T12:54:22","date_gmt":"2026-04-30T15:54:22","guid":{"rendered":"https:\/\/jornalpacity.com.br\/?p=28541"},"modified":"2026-04-30T12:54:22","modified_gmt":"2026-04-30T15:54:22","slug":"salario-medio-do-trabalhador-amplia-recorde-e-chega-a-r-3-722","status":"publish","type":"post","link":"https:\/\/jornalpacity.com.br\/?p=28541","title":{"rendered":"Sal\u00e1rio m\u00e9dio do trabalhador amplia recorde e chega a R$ 3.722"},"content":{"rendered":"<\/p>\n<p><a class=\"\" href=\"https:\/\/agenciabrasil.ebc.com.br\/economia\/noticia\/2026-04\/salario-medio-do-trabalhador-amplia-recorde-e-chega-r-3722\"><br \/>\n                    <img decoding=\"async\" src=\"https:\/\/cdn.jsdelivr.net\/gh\/sergiosdlima\/assets-ebc@1.0.0\/abr\/assets\/images\/logo-agenciabrasil.svg\" alt=\"Logo Ag\u00eancia Brasil\"><br \/>\n\t\t\t\t<\/a><\/p>\n<p><strong>O rendimento m\u00e9dio mensal do trabalhador brasileiro alcan\u00e7ou R$ 3.722 no primeiro trimestre de 2026. <\/strong>Esse valor representa acr\u00e9scimo real \u2013 j\u00e1 descontada a infla\u00e7\u00e3o \u2013 de 5,5% em rela\u00e7\u00e3o ao registrado no mesmo per\u00edodo de 2025. <strong>\u00c9 o maior registrado em toda s\u00e9rie hist\u00f3rica da <a href=\"https:\/\/agenciadenoticias.ibge.gov.br\/media\/com_mediaibge\/arquivos\/69f95a225b42486551a85a6e04e990ac.pdf\" target=\"_blank\">Pesquisa Nacional por Amostra de Domic\u00edlios (Pnad) Cont\u00ednua<\/a>, iniciada em 2012.<\/strong><img decoding=\"async\" src=\"https:\/\/agenciabrasil.ebc.com.br\/ebc.png?id=1687799&#038;o=rss\"><img decoding=\"async\" src=\"https:\/\/agenciabrasil.ebc.com.br\/ebc.gif?id=1687799&#038;o=rss\"><\/p>\n<p><strong>O trimestre encerrado em mar\u00e7o \u00e9 o segundo consecutivo em que o sal\u00e1rio m\u00e9dio supera a casa dos R$ 3,7 mil.<\/strong> No per\u00edodo de tr\u00eas meses terminado em fevereiro, o rendimento foi de R$ 3.702. Na compara\u00e7\u00e3o com o quarto trimestre de 2025, quando o valor era de R$ 3.662, houve expans\u00e3o de 1,6%.<\/p>\n<\/p>\n<h3>Not\u00edcias relacionadas:<\/h3>\n<ul>\n<li><a href=\"https:\/\/agenciabrasil.ebc.com.br\/economia\/noticia\/2026-04\/desemprego-no-1o-trimestre-e-de-61-o-menor-ja-registrado-no-periodo\">Desemprego no 1\u00ba trimestre \u00e9 de 6,1%, o menor j\u00e1 registrado no per\u00edodo.<\/a><\/li>\n<li><a href=\"https:\/\/agenciabrasil.ebc.com.br\/economia\/noticia\/2025-07\/rendimento-de-trabalhador-rural-sobe-55-no-1o-trimestre\">Rendimento de trabalhador rural sobe 5,5% no 1\u00ba trimestre .<\/a><\/li>\n<\/ul>\n<p>Os dados foram divulgados nesta quinta-feira (30) pelo <a href=\"https:\/\/agenciabrasil.ebc.com.br\/tags\/ibge\" target=\"_blank\">Instituto Brasileiro de Geografia e Estat\u00edstica (IBGE)<\/a>, no Rio de Janeiro.<\/p>\n<p>A pesquisa do IBGE coleta informa\u00e7\u00f5es de dez grupos de atividades. Em oito deles, o rendimento m\u00e9dio ficou est\u00e1vel (sem varia\u00e7\u00e3o significativa). Em dois, houve aumento m\u00e9dio de sal\u00e1rios: no com\u00e9rcio, alta de 3% (mais R$ 86); na administra\u00e7\u00e3o p\u00fablica, 2,5% (mais R$ 127).<\/p>\n<h2>Causas<\/h2>\n<p><strong>A coordenadora de pesquisas domiciliares do IBGE, Adriana Beringuy, considera que parte desse rendimento recorde pode ser atribu\u00edda\u00a0ao aumento do <a href=\"https:\/\/agenciabrasil.ebc.com.br\/economia\/noticia\/2026-01\/salario-minimo-de-r-1621-comeca-valer-nesta-quinta\" target=\"_blank\">sal\u00e1rio m\u00ednimo, no come\u00e7o de janeiro, fixado em R$ 1.621<\/a>.<\/strong><\/p>\n<blockquote>\n<p>\u201cPode ter uma participa\u00e7\u00e3o j\u00e1 dessa quest\u00e3o do reajuste do sal\u00e1rio m\u00ednimo, que \u00e9 uma recomposi\u00e7\u00e3o e at\u00e9 ganhos reais [acima da infla\u00e7\u00e3o].\u201d<\/p>\n<\/blockquote>\n<p>No entanto, a analista destaca outro fator: no primeiro trimestre de 2026 houve redu\u00e7\u00e3o de 1 milh\u00e3o de pessoas na quantidade de trabalhadores ocupados em compara\u00e7\u00e3o com o quarto trimestre de 2025.<\/p>\n<p>A diminui\u00e7\u00e3o do contingente foi mais concentrada em trabalhadores informais, que ganham menos.<\/p>\n<p>\u201cEnt\u00e3o, a m\u00e9dia de rendimento dos que est\u00e3o ocupados nesse primeiro trimestre de 2026, comparativamente, \u00e9 maior que a m\u00e9dia de rendimento do quarto trimestre\u201d, completa.<\/p>\n<h2>Rendimentos<\/h2>\n<p><strong>A pesquisa do IBGE mostrou ainda que a massa de rendimento dos trabalhadores ficou em R$ 374,8 bilh\u00f5es, tamb\u00e9m a maior j\u00e1 apurada na s\u00e9rie hist\u00f3rica.<\/strong><\/p>\n<p>Esse montante \u00e9 o somat\u00f3rio dos sal\u00e1rios de todos os trabalhadores, dinheiro que acaba sendo usado para consumo, pagamento de d\u00edvidas, investimentos e poupan\u00e7a.<\/p>\n<p>Em rela\u00e7\u00e3o ao primeiro trimestre do ano passado, a massa salarial cresceu 7,1% acima da infla\u00e7\u00e3o. Isso representa, no total, R$ 24,8 bilh\u00f5es a mais na m\u00e3o dos trabalhadores no intervalo de um ano.<\/p>\n<h2>Previd\u00eancia<\/h2>\n<p><strong>O IBGE identificou que a parcela de pessoas contribuintes para fins de previd\u00eancia no primeiro trimestre de 2026 ficou em 66,9% dos trabalhadores ocupados.<\/strong><\/p>\n<p><strong>Esse \u00e9 a maior propor\u00e7\u00e3o j\u00e1 registrada pela pesquisa e representa 68.174 milh\u00f5es de trabalhadores protegidos socialmente.<\/strong><\/p>\n<p>Ao contribuir para institutos de previd\u00eancia, o trabalhador adquire garantias, como aposentadoria, benef\u00edcio por incapacidade e pens\u00e3o por morte.<\/p>\n<p>O IBGE considera contribuintes os empregados, empregadores, trabalhadores dom\u00e9sticos e por conta pr\u00f3pria que tenham contribu\u00eddo para institutos de previd\u00eancia oficial federal (INSS ou Plano de Seguridade Social da Uni\u00e3o), estadual ou municipal.<\/p>\n<p>De acordo com Adriana Beringuy, a explica\u00e7\u00e3o para o recorde de participa\u00e7\u00e3o est\u00e1 na queda da informalidade. \u201cOs informais contribuem menos para a previd\u00eancia.\u201d<\/p>\n<p>No trimestre encerrado em mar\u00e7o, a taxa de informalidade foi de 37,3% da popula\u00e7\u00e3o ocupada, o que equivale a 38,1 milh\u00f5es de trabalhadores informais, ou seja, sem direitos trabalhistas garantidos.<\/p>\n<p>No fim de 2025, a taxa era de 37,6%, enquanto no primeiro trimestre de 2025 era 38%.<\/p>\n<p>O IBGE esclarece que um trabalhador informal (por exemplo, um conta pr\u00f3pria sem CNPJ) pode ser contribuinte individual do INSS.<\/p>\n<h2>Desemprego menor<\/h2>\n<p>A Pnad \u00e9 o principal retrato do emprego no pa\u00eds e apura o comportamento no mercado de trabalho para pessoas com 14 anos ou mais e leva em conta todas as formas de ocupa\u00e7\u00e3o, seja com ou sem carteira assinada, tempor\u00e1rio e por conta pr\u00f3pria, por exemplo.<\/p>\n<p><strong>No primeiro trimestre do ano, <a href=\"https:\/\/agenciabrasil.ebc.com.br\/economia\/noticia\/2026-04\/desemprego-no-1o-trimestre-e-de-61-o-menor-ja-registrado-no-periodo\" target=\"_blank\">a taxa de desemprego ficou em 6,1%<\/a>, a menor j\u00e1 registrada para o per\u00edodo.<\/strong><\/p>\n<p>Pelos crit\u00e9rios do instituto, s\u00f3 \u00e9 considerada desocupada a pessoa que efetivamente procurou uma vaga 30 dias antes da pesquisa. S\u00e3o visitados 211 mil domic\u00edlios em todos os estados e no Distrito Federal.<\/p>\n","protected":false},"excerpt":{"rendered":"<p>O rendimento m\u00e9dio mensal do trabalhador brasileiro alcan\u00e7ou R$ 3.722 no primeiro trimestre de 2026. Esse valor representa acr\u00e9scimo real \u2013 j\u00e1 descontada a infla\u00e7\u00e3o \u2013 de 5,5% em rela\u00e7\u00e3o ao registrado no mesmo per\u00edodo de 2025. \u00c9 o maior registrado em toda s\u00e9rie hist\u00f3rica da Pesquisa Nacional por Amostra de Domic\u00edlios (Pnad) Cont\u00ednua, iniciada [&hellip;]<\/p>\n","protected":false},"author":59,"featured_media":28542,"comment_status":"open","ping_status":"open","sticky":false,"template":"","format":"standard","meta":{"site-sidebar-layout":"default","site-content-layout":"","ast-site-content-layout":"default","site-content-style":"default","site-sidebar-style":"default","ast-global-header-display":"","ast-banner-title-visibility":"","ast-main-header-display":"","ast-hfb-above-header-display":"","ast-hfb-below-header-display":"","ast-hfb-mobile-header-display":"","site-post-title":"","ast-breadcrumbs-content":"","ast-featured-img":"","footer-sml-layout":"","ast-disable-related-posts":"","theme-transparent-header-meta":"","adv-header-id-meta":"","stick-header-meta":"","header-above-stick-meta":"","header-main-stick-meta":"","header-below-stick-meta":"","astra-migrate-meta-layouts":"default","ast-page-background-enabled":"default","ast-page-background-meta":{"desktop":{"background-color":"var(--ast-global-color-4)","background-image":"","background-repeat":"repeat","background-position":"center center","background-size":"auto","background-attachment":"scroll","background-type":"","background-media":"","overlay-type":"","overlay-color":"","overlay-opacity":"","overlay-gradient":""},"tablet":{"background-color":"","background-image":"","background-repeat":"repeat","background-position":"center center","background-size":"auto","background-attachment":"scroll","background-type":"","background-media":"","overlay-type":"","overlay-color":"","overlay-opacity":"","overlay-gradient":""},"mobile":{"background-color":"","background-image":"","background-repeat":"repeat","background-position":"center center","background-size":"auto","background-attachment":"scroll","background-type":"","background-media":"","overlay-type":"","overlay-color":"","overlay-opacity":"","overlay-gradient":""}},"ast-content-background-meta":{"desktop":{"background-color":"var(--ast-global-color-5)","background-image":"","background-repeat":"repeat","background-position":"center center","background-size":"auto","background-attachment":"scroll","background-type":"","background-media":"","overlay-type":"","overlay-color":"","overlay-opacity":"","overlay-gradient":""},"tablet":{"background-color":"var(--ast-global-color-5)","background-image":"","background-repeat":"repeat","background-position":"center center","background-size":"auto","background-attachment":"scroll","background-type":"","background-media":"","overlay-type":"","overlay-color":"","overlay-opacity":"","overlay-gradient":""},"mobile":{"background-color":"var(--ast-global-color-5)","background-image":"","background-repeat":"repeat","background-position":"center center","background-size":"auto","background-attachment":"scroll","background-type":"","background-media":"","overlay-type":"","overlay-color":"","overlay-opacity":"","overlay-gradient":""}},"footnotes":""},"categories":[46],"tags":[],"class_list":["post-28541","post","type-post","status-publish","format-standard","has-post-thumbnail","hentry","category-economia"],"_links":{"self":[{"href":"https:\/\/jornalpacity.com.br\/index.php?rest_route=\/wp\/v2\/posts\/28541","targetHints":{"allow":["GET"]}}],"collection":[{"href":"https:\/\/jornalpacity.com.br\/index.php?rest_route=\/wp\/v2\/posts"}],"about":[{"href":"https:\/\/jornalpacity.com.br\/index.php?rest_route=\/wp\/v2\/types\/post"}],"author":[{"embeddable":true,"href":"https:\/\/jornalpacity.com.br\/index.php?rest_route=\/wp\/v2\/users\/59"}],"replies":[{"embeddable":true,"href":"https:\/\/jornalpacity.com.br\/index.php?rest_route=%2Fwp%2Fv2%2Fcomments&post=28541"}],"version-history":[{"count":0,"href":"https:\/\/jornalpacity.com.br\/index.php?rest_route=\/wp\/v2\/posts\/28541\/revisions"}],"wp:featuredmedia":[{"embeddable":true,"href":"https:\/\/jornalpacity.com.br\/index.php?rest_route=\/wp\/v2\/media\/28542"}],"wp:attachment":[{"href":"https:\/\/jornalpacity.com.br\/index.php?rest_route=%2Fwp%2Fv2%2Fmedia&parent=28541"}],"wp:term":[{"taxonomy":"category","embeddable":true,"href":"https:\/\/jornalpacity.com.br\/index.php?rest_route=%2Fwp%2Fv2%2Fcategories&post=28541"},{"taxonomy":"post_tag","embeddable":true,"href":"https:\/\/jornalpacity.com.br\/index.php?rest_route=%2Fwp%2Fv2%2Ftags&post=28541"}],"curies":[{"name":"wp","href":"https:\/\/api.w.org\/{rel}","templated":true}]}}