{"id":28615,"date":"2026-05-01T12:55:06","date_gmt":"2026-05-01T15:55:06","guid":{"rendered":"https:\/\/jornalpacity.com.br\/?p=28615"},"modified":"2026-05-01T12:55:06","modified_gmt":"2026-05-01T15:55:06","slug":"escola-adota-escala-de-trabalho-4x3-e-aumenta-faturamento-em-35","status":"publish","type":"post","link":"https:\/\/jornalpacity.com.br\/?p=28615","title":{"rendered":"Escola adota escala de trabalho 4&#215;3 e aumenta faturamento em 35%"},"content":{"rendered":"<\/p>\n<p><a class=\"\" href=\"https:\/\/agenciabrasil.ebc.com.br\/economia\/noticia\/2026-04\/escola-adota-escala-de-trabalho-4x3-e-aumenta-faturamento-em-35\"><br \/>\n                    <img decoding=\"async\" src=\"https:\/\/cdn.jsdelivr.net\/gh\/sergiosdlima\/assets-ebc@1.0.0\/abr\/assets\/images\/logo-agenciabrasil.svg\" alt=\"Logo Ag\u00eancia Brasil\"><br \/>\n\t\t\t\t<\/a><\/p>\n<p><strong>Enquanto a sociedade brasileira e o Congresso Nacional discutem o fim da escala de seis dias de trabalho para um dia de folga (6&#215;1) na legisla\u00e7\u00e3o do pa\u00eds, uma escola de baristas e gest\u00e3o de cafeterias da capital paulista mudou sua escala para quatro dias de trabalho e tr\u00eas de descanso (4&#215;3) e viu seu faturamento crescer 35% em um ano.<\/strong><img decoding=\"async\" src=\"https:\/\/agenciabrasil.ebc.com.br\/ebc.png?id=1687891&#038;o=rss\"><img decoding=\"async\" src=\"https:\/\/agenciabrasil.ebc.com.br\/ebc.gif?id=1687891&#038;o=rss\"><\/p>\n<p>A Coffe Lab, empresa fundada em 2004, que conta atualmente com duas unidades e mais de 30 funcion\u00e1rios, apostou na produtividade em vez de pesar no n\u00famero de horas trabalhadas pelos funcion\u00e1rios.\u00a0<\/p>\n<\/p>\n<h3>Not\u00edcias relacionadas:<\/h3>\n<ul>\n<li><a href=\"https:\/\/agenciabrasil.ebc.com.br\/internacional\/noticia\/2026-04\/escala-6x1-jornada-menor-na-europa-manteve-empregos-e-nao-reduziu-pib\">Escala 6&#215;1: jornada menor na Europa manteve empregos e n\u00e3o reduziu PIB.<\/a><\/li>\n<li><a href=\"https:\/\/agenciabrasil.ebc.com.br\/economia\/noticia\/2026-04\/sexta-e-o-novo-sabado-41-empresas-em-portugal-reduzem-escala-para-4x3\">Sexta \u00e9 o Novo S\u00e1bado: 41 empresas em Portugal reduzem escala para 4&#215;3.<\/a><\/li>\n<\/ul>\n<p>De acordo com a empres\u00e1ria e fundadora da Coffe Lab, a torrefadora Isabela Raposeiras, a experi\u00eancia de redu\u00e7\u00e3o de jornada, iniciada em 2025 na escola, demonstra que o descanso dos funcion\u00e1rios resulta em maior concentra\u00e7\u00e3o no trabalho e em aumento da produtividade e faturamento.\u00a0<\/p>\n<p>\u201cA produtividade aumentou barbaramente. Porque, no ano passado, em 2025, a gente trabalhou com o mesmo card\u00e1pio e pre\u00e7o durante o ano inteiro. A gente ficou 17 dias fechados em fun\u00e7\u00e3o de uma obra e n\u00e3o aumentou o n\u00famero de lugares. Continuamos com as duas lojas e o mesmo n\u00famero de lugares. E o nosso faturamento em 2025 subiu 35% em um ano em que o setor de alimenta\u00e7\u00e3o caiu 22%\u201d, disse.<\/p>\n<p><strong>A escola trabalhava em sistema 5&#215;2 e 44 horas de trabalho semanais. Em julho do ano passado, em acordo com os funcion\u00e1rios, adotou a escala 4&#215;3 e 40 horas semanais de trabalho. S\u00e3o tr\u00eas folgas semanais, sendo duas em dias consecutivos.<\/strong><\/p>\n<blockquote>\n<p>\u201cA galera [os funcion\u00e1rios da empresa] est\u00e1 mais descansada. Nesse ramo de com\u00e9rcio, de alimenta\u00e7\u00e3o, principalmente hotelaria, a concentra\u00e7\u00e3o, a aten\u00e7\u00e3o, \u00e9 muito importante para a gente vender mais. Ent\u00e3o, a galera descansada, feliz com vida para al\u00e9m do trabalho, rende muito mais, atende melhor\u201d, destacou.<\/p>\n<\/blockquote>\n<h2>Rotatividade de funcion\u00e1rios<\/h2>\n<p>Al\u00e9m do aumento da produtividade, a empres\u00e1ria viu diminuir a rotatividade dos funcion\u00e1rios e reduziu os custos trabalhistas.\u00a0<\/p>\n<p>\u201cA gente est\u00e1 com <em>turnover<\/em> [taxa de rotatividade] rid\u00edculo de 8% s\u00f3. Voc\u00ea n\u00e3o gasta mais com rescis\u00e3o \u2013 que \u00e9 uma coisa car\u00edssima \u2013 por mais que o funcion\u00e1rio pe\u00e7a demiss\u00e3o, a rescis\u00e3o e os encargos rescis\u00f3rios s\u00e3o altos\u201d, disse.\u00a0<\/p>\n<p>Segundo ela, com trabalhadores mais cansados, a desmotiva\u00e7\u00e3o \u00e9 maior, as demiss\u00f5es aumentam e a contrata\u00e7\u00e3o de empregados tempor\u00e1rios cresce tamb\u00e9m.<\/p>\n<p>\u201cAqui a gente n\u00e3o tem que contratar frila [do ingl\u00eas\u00a0<em>freelancer<\/em>, trabalhador pontual, sem v\u00ednculo empregat\u00edcio]. No Coffee Lab, a gente n\u00e3o contrata frila quase nunca, porque as pessoas n\u00e3o faltam mais, n\u00e3o tem mais atestado. Isso diminui muito o custo e aumenta a capacidade de venda, porque todo mundo que trabalha l\u00e1 conhece bem a empresa, n\u00e3o tem ningu\u00e9m muito novo\u201d.<\/p>\n<h2>Descanso e lazer<\/h2>\n<p>T\u00e1bata Lima de Oliveira, de 35 anos, funcion\u00e1ria da Coffee Lab, conta que antes de entrar na empresa, trabalhava na escala 6&#215;1, e que utilizava a \u00fanica folga semanal principalmente para descansar.\u00a0<\/p>\n<p>\u201cPraticamente, eu dormia o meu dia [de folga] inteiro. N\u00e3o conseguia sair, raramente sa\u00eda, raramente tinha disposi\u00e7\u00e3o para estudar. Tempo com a fam\u00edlia? Muito pouco, inclusive, hoje em dia me considero uma pessoa super distante da minha fam\u00edlia por isso. O tempo que eu tinha era s\u00f3 para descansar, dormir e fazer os afazeres de casa\u201d, destacou.<\/p>\n<p>De acordo com ela, os maiores problemas causados pela escala 6&#215;1 eram principalmente de ordem da sa\u00fade mental.<\/p>\n<blockquote>\n<p>\u201cEu j\u00e1 tive [s\u00edndrome de] Burnout em um trabalho anterior. Al\u00e9m de tudo, eu n\u00e3o dormia, tinha que ir trabalhar e tomava muita medica\u00e7\u00e3o, sentia muito sono durante o trabalho, e tinha muitas crises de p\u00e2nico\u201d.<\/p>\n<\/blockquote>\n<p>J\u00e1 na escala 4&#215;3, a funcion\u00e1ria viu possibilidade de se cuidar, de ter lazer, e at\u00e9 viajar: &#8220;\u00c9 menos tempo no transporte, menos dias no transporte p\u00fablico. Mais tempo de descanso, de cuidar de mim mesma, cuidar da minha cabe\u00e7a, de ter lazer e de cuidar da minha pr\u00f3pria casa\u201d.<\/p>\n<p>\u201cAgora consigo me dedicar \u00e0 minha sa\u00fade, aos meus estudos, aos amigos pr\u00f3ximos e at\u00e9 fazer viagens quando a gente tem as tr\u00eas folguinhas seguidas\u201d, acrescentou.<\/p>\n<p>\u00a0<\/p>\n","protected":false},"excerpt":{"rendered":"<p>Enquanto a sociedade brasileira e o Congresso Nacional discutem o fim da escala de seis dias de trabalho para um dia de folga (6&#215;1) na legisla\u00e7\u00e3o do pa\u00eds, uma escola de baristas e gest\u00e3o de cafeterias da capital paulista mudou sua escala para quatro dias de trabalho e tr\u00eas de descanso (4&#215;3) e viu seu [&hellip;]<\/p>\n","protected":false},"author":1,"featured_media":28616,"comment_status":"open","ping_status":"open","sticky":false,"template":"","format":"standard","meta":{"site-sidebar-layout":"default","site-content-layout":"","ast-site-content-layout":"default","site-content-style":"default","site-sidebar-style":"default","ast-global-header-display":"","ast-banner-title-visibility":"","ast-main-header-display":"","ast-hfb-above-header-display":"","ast-hfb-below-header-display":"","ast-hfb-mobile-header-display":"","site-post-title":"","ast-breadcrumbs-content":"","ast-featured-img":"","footer-sml-layout":"","ast-disable-related-posts":"","theme-transparent-header-meta":"","adv-header-id-meta":"","stick-header-meta":"","header-above-stick-meta":"","header-main-stick-meta":"","header-below-stick-meta":"","astra-migrate-meta-layouts":"default","ast-page-background-enabled":"default","ast-page-background-meta":{"desktop":{"background-color":"var(--ast-global-color-4)","background-image":"","background-repeat":"repeat","background-position":"center center","background-size":"auto","background-attachment":"scroll","background-type":"","background-media":"","overlay-type":"","overlay-color":"","overlay-opacity":"","overlay-gradient":""},"tablet":{"background-color":"","background-image":"","background-repeat":"repeat","background-position":"center center","background-size":"auto","background-attachment":"scroll","background-type":"","background-media":"","overlay-type":"","overlay-color":"","overlay-opacity":"","overlay-gradient":""},"mobile":{"background-color":"","background-image":"","background-repeat":"repeat","background-position":"center center","background-size":"auto","background-attachment":"scroll","background-type":"","background-media":"","overlay-type":"","overlay-color":"","overlay-opacity":"","overlay-gradient":""}},"ast-content-background-meta":{"desktop":{"background-color":"var(--ast-global-color-5)","background-image":"","background-repeat":"repeat","background-position":"center center","background-size":"auto","background-attachment":"scroll","background-type":"","background-media":"","overlay-type":"","overlay-color":"","overlay-opacity":"","overlay-gradient":""},"tablet":{"background-color":"var(--ast-global-color-5)","background-image":"","background-repeat":"repeat","background-position":"center center","background-size":"auto","background-attachment":"scroll","background-type":"","background-media":"","overlay-type":"","overlay-color":"","overlay-opacity":"","overlay-gradient":""},"mobile":{"background-color":"var(--ast-global-color-5)","background-image":"","background-repeat":"repeat","background-position":"center center","background-size":"auto","background-attachment":"scroll","background-type":"","background-media":"","overlay-type":"","overlay-color":"","overlay-opacity":"","overlay-gradient":""}},"footnotes":""},"categories":[46],"tags":[],"class_list":["post-28615","post","type-post","status-publish","format-standard","has-post-thumbnail","hentry","category-economia"],"_links":{"self":[{"href":"https:\/\/jornalpacity.com.br\/index.php?rest_route=\/wp\/v2\/posts\/28615","targetHints":{"allow":["GET"]}}],"collection":[{"href":"https:\/\/jornalpacity.com.br\/index.php?rest_route=\/wp\/v2\/posts"}],"about":[{"href":"https:\/\/jornalpacity.com.br\/index.php?rest_route=\/wp\/v2\/types\/post"}],"author":[{"embeddable":true,"href":"https:\/\/jornalpacity.com.br\/index.php?rest_route=\/wp\/v2\/users\/1"}],"replies":[{"embeddable":true,"href":"https:\/\/jornalpacity.com.br\/index.php?rest_route=%2Fwp%2Fv2%2Fcomments&post=28615"}],"version-history":[{"count":0,"href":"https:\/\/jornalpacity.com.br\/index.php?rest_route=\/wp\/v2\/posts\/28615\/revisions"}],"wp:featuredmedia":[{"embeddable":true,"href":"https:\/\/jornalpacity.com.br\/index.php?rest_route=\/wp\/v2\/media\/28616"}],"wp:attachment":[{"href":"https:\/\/jornalpacity.com.br\/index.php?rest_route=%2Fwp%2Fv2%2Fmedia&parent=28615"}],"wp:term":[{"taxonomy":"category","embeddable":true,"href":"https:\/\/jornalpacity.com.br\/index.php?rest_route=%2Fwp%2Fv2%2Fcategories&post=28615"},{"taxonomy":"post_tag","embeddable":true,"href":"https:\/\/jornalpacity.com.br\/index.php?rest_route=%2Fwp%2Fv2%2Ftags&post=28615"}],"curies":[{"name":"wp","href":"https:\/\/api.w.org\/{rel}","templated":true}]}}