{"id":28633,"date":"2026-05-01T18:54:50","date_gmt":"2026-05-01T21:54:50","guid":{"rendered":"https:\/\/jornalpacity.com.br\/?p=28633"},"modified":"2026-05-01T18:54:50","modified_gmt":"2026-05-01T21:54:50","slug":"chuvas-governo-envia-defesa-civil-para-pernambuco-e-paraiba","status":"publish","type":"post","link":"https:\/\/jornalpacity.com.br\/?p=28633","title":{"rendered":"Chuvas: Governo envia Defesa Civil para Pernambuco e Para\u00edba"},"content":{"rendered":"<\/p>\n<p><a class=\"\" href=\"https:\/\/agenciabrasil.ebc.com.br\/politica\/noticia\/2026-05\/chuvas-governo-envia-defesa-civil-para-pernambuco-e-paraiba\"><br \/>\n                    <img decoding=\"async\" src=\"https:\/\/cdn.jsdelivr.net\/gh\/sergiosdlima\/assets-ebc@1.0.0\/abr\/assets\/images\/logo-agenciabrasil.svg\" alt=\"Logo Ag\u00eancia Brasil\"><br \/>\n\t\t\t\t<\/a><\/p>\n<p><strong>Equipes da Defesa Civil Nacional se deslocaram, nesta sexta-feira (1\u00ba), para apoiar o estado de Pernambuco atingido por fortes chuvas. A decis\u00e3o foi dada pelo Governo ap\u00f3s contato com as autoridades locais. As equipes atuar\u00e3o em conjunto com as defesas civis, estaduais e municipais. A determina\u00e7\u00e3o foi anunciada mais cedo pelo presidente Luiz In\u00e1cio Lula da Silva.<\/strong><img decoding=\"async\" src=\"https:\/\/agenciabrasil.ebc.com.br\/ebc.png?id=1688161&#038;o=rss\"><img decoding=\"async\" src=\"https:\/\/agenciabrasil.ebc.com.br\/ebc.gif?id=1688161&#038;o=rss\"><\/p>\n<p>O ministro da Integra\u00e7\u00e3o e do Desenvolvimento Regional, Waldez G\u00f3es, entrou em contato com a governadora de Pernambuco, Raquel Lyra, e com o prefeito do Recife, Vitor Marques, para orientar sobre as provid\u00eancias necess\u00e1rias para o reconhecimento sum\u00e1rio da situa\u00e7\u00e3o de emerg\u00eancia.<\/p>\n<blockquote>\n<h3>Not\u00edcias relacionadas:<\/h3>\n<ul>\n<li><a href=\"https:\/\/agenciabrasil.ebc.com.br\/politica\/noticia\/2026-05\/lula-determina-apoio-federal-para-cidades-atingidas-por-chuvas-em-pe\">Lula determina apoio federal para cidades atingidas por chuvas em PE.<\/a><\/li>\n<\/ul>\n<p>&#8220;J\u00e1 conversei com autoridades locais, como o senador Humberto Costa, o ex-prefeito Jo\u00e3o Campos e a governadora Raquel Lyra, para informar que a determina\u00e7\u00e3o do presidente Lula \u00e9 clara: garantir o socorro e assist\u00eancia do Governo Federal nessa situa\u00e7\u00e3o de emerg\u00eancia\u201d, afirmou o ministro.\n<\/p><\/blockquote>\n<p>Waldez G\u00f3es tamb\u00e9m destacou que equipes da Defesa Civil Nacional v\u00e3o atuar em campo, em parceria com as defesas civis estaduais e municipais, para avaliar a situa\u00e7\u00e3o e adotar as medidas necess\u00e1rias para reduzir os impactos causados pelas chuvas em Pernambuco.<\/p>\n<p><strong>A pasta informou que, al\u00e9m de Pernambuco, o governo vai apoiar a Para\u00edba. O estado tamb\u00e9m tem sofrido com os temporais nas \u00faltimas 24h.<\/strong><\/p>\n<p>De acordo com o \u00faltimo boletim, divulgado pela Defesa Civil estadual, nesta sexta-feira (1\u00ba), \u00e0s 12h, o estado de Pernambuco est\u00e1 com sete munic\u00edpios em alerta e teve registros expressivos de acumulado de chuva nas \u00faltimas 24 horas, em mil\u00edmetros (mm), com destaque para as seguintes cidades: Goiana (181 mm), Abreu e Lima (144,8 mm), Paulista (142,9 mm), Igarassu (140,5 mm), Condado (129,6 mm), Itaquitinga (120,8 mm) e Itamb\u00e9 (117,6 mm). Em Recife, foram registrados pontos de alagamento.<\/p>\n<p>&#8220;Os t\u00e9cnicos tamb\u00e9m fazem o monitoramento hidrol\u00f3gico em rios da Mata Norte de Pernambuco. <strong>O risco hidrol\u00f3gico e urbano est\u00e1 em evolu\u00e7\u00e3o, com possibilidade de alagamentos, transbordamentos de rios e deslizamentos de terra em \u00e1reas vulner\u00e1veis&#8221; disse a pasta.<\/strong><\/p>\n<p>O aux\u00edlio a Pernambuco j\u00e1 havia sido anunciado mais cedo pelo presidente Luiz In\u00e1cio Lula da Silva. Lula determinou o apoio do governo federal \u00e0 regi\u00e3o metropolitana do Recife ap\u00f3s a cidade sofrer com fortes chuvas.<\/p>\n<p><strong>Desde ontem (30), segundo a Defesa Civil estadual, foram registrados mais de 100 mil\u00edmetros de chuva na regi\u00e3o. Pelo menos duas pessoas morreram, segundo o prefeito de Recife, Victor Marques.\u00a0<\/strong><\/p>\n<p>Em uma rede social, Lula disse que conversou por telefone, na manh\u00e3 desta sexta-feira, com o ex-prefeito de Recife, Jo\u00e3o Campos, e o senador pernambucano Humberto Costa (PT-PE) sobre as chuvas, que atingem tamb\u00e9m outras regi\u00f5es do estado.<\/p>\n<p>&#8220;Determinei imediatamente o pronto apoio federal \u00e0s autoridades locais. O ministro da Integra\u00e7\u00e3o Regional, Waldez G\u00f3es, acionou a Defesa Civil Nacional para prestar todo suporte \u00e0s cidades atingidas, Inclusive com o reconhecimento da situa\u00e7\u00e3o de emerg\u00eancia e o deslocamento de t\u00e9cnicos para a \u00e1rea,&#8221; <a href=\"https:\/\/x.com\/i\/status\/2050242578696622414\" target=\"_blank\">disse o presidente<\/a>.\u00a0<\/p>\n<h2>Para\u00edba<\/h2>\n<p><strong>O estado da Para\u00edba tamb\u00e9m registrou chuvas intensas e est\u00e1 em risco. H\u00e1 alerta laranja (perigo) para parte do estado, com previs\u00e3o de chuva entre 30 e 60 mil\u00edmetros (mm) por hora, ventos intensos, risco de alagamentos, queda de \u00e1rvores e interrup\u00e7\u00f5es de energia.<\/strong><\/p>\n<p>Entre os munic\u00edpios em alerta, destaque para Jo\u00e3o Pessoa, Cabedelo, Santa Rita, Bayeux, Conde, Mamanguape, Guarabira, Sap\u00e9, Rio Tinto, Alhandra, Areia e Bananeiras.<\/p>\n<p>\u00a0<\/p>\n","protected":false},"excerpt":{"rendered":"<p>Equipes da Defesa Civil Nacional se deslocaram, nesta sexta-feira (1\u00ba), para apoiar o estado de Pernambuco atingido por fortes chuvas. A decis\u00e3o foi dada pelo Governo ap\u00f3s contato com as autoridades locais. As equipes atuar\u00e3o em conjunto com as defesas civis, estaduais e municipais. A determina\u00e7\u00e3o foi anunciada mais cedo pelo presidente Luiz In\u00e1cio Lula [&hellip;]<\/p>\n","protected":false},"author":50,"featured_media":28634,"comment_status":"open","ping_status":"open","sticky":false,"template":"","format":"standard","meta":{"site-sidebar-layout":"default","site-content-layout":"","ast-site-content-layout":"default","site-content-style":"default","site-sidebar-style":"default","ast-global-header-display":"","ast-banner-title-visibility":"","ast-main-header-display":"","ast-hfb-above-header-display":"","ast-hfb-below-header-display":"","ast-hfb-mobile-header-display":"","site-post-title":"","ast-breadcrumbs-content":"","ast-featured-img":"","footer-sml-layout":"","ast-disable-related-posts":"","theme-transparent-header-meta":"","adv-header-id-meta":"","stick-header-meta":"","header-above-stick-meta":"","header-main-stick-meta":"","header-below-stick-meta":"","astra-migrate-meta-layouts":"default","ast-page-background-enabled":"default","ast-page-background-meta":{"desktop":{"background-color":"var(--ast-global-color-4)","background-image":"","background-repeat":"repeat","background-position":"center center","background-size":"auto","background-attachment":"scroll","background-type":"","background-media":"","overlay-type":"","overlay-color":"","overlay-opacity":"","overlay-gradient":""},"tablet":{"background-color":"","background-image":"","background-repeat":"repeat","background-position":"center center","background-size":"auto","background-attachment":"scroll","background-type":"","background-media":"","overlay-type":"","overlay-color":"","overlay-opacity":"","overlay-gradient":""},"mobile":{"background-color":"","background-image":"","background-repeat":"repeat","background-position":"center center","background-size":"auto","background-attachment":"scroll","background-type":"","background-media":"","overlay-type":"","overlay-color":"","overlay-opacity":"","overlay-gradient":""}},"ast-content-background-meta":{"desktop":{"background-color":"var(--ast-global-color-5)","background-image":"","background-repeat":"repeat","background-position":"center center","background-size":"auto","background-attachment":"scroll","background-type":"","background-media":"","overlay-type":"","overlay-color":"","overlay-opacity":"","overlay-gradient":""},"tablet":{"background-color":"var(--ast-global-color-5)","background-image":"","background-repeat":"repeat","background-position":"center center","background-size":"auto","background-attachment":"scroll","background-type":"","background-media":"","overlay-type":"","overlay-color":"","overlay-opacity":"","overlay-gradient":""},"mobile":{"background-color":"var(--ast-global-color-5)","background-image":"","background-repeat":"repeat","background-position":"center center","background-size":"auto","background-attachment":"scroll","background-type":"","background-media":"","overlay-type":"","overlay-color":"","overlay-opacity":"","overlay-gradient":""}},"footnotes":""},"categories":[4],"tags":[],"class_list":["post-28633","post","type-post","status-publish","format-standard","has-post-thumbnail","hentry","category-politica"],"_links":{"self":[{"href":"https:\/\/jornalpacity.com.br\/index.php?rest_route=\/wp\/v2\/posts\/28633","targetHints":{"allow":["GET"]}}],"collection":[{"href":"https:\/\/jornalpacity.com.br\/index.php?rest_route=\/wp\/v2\/posts"}],"about":[{"href":"https:\/\/jornalpacity.com.br\/index.php?rest_route=\/wp\/v2\/types\/post"}],"author":[{"embeddable":true,"href":"https:\/\/jornalpacity.com.br\/index.php?rest_route=\/wp\/v2\/users\/50"}],"replies":[{"embeddable":true,"href":"https:\/\/jornalpacity.com.br\/index.php?rest_route=%2Fwp%2Fv2%2Fcomments&post=28633"}],"version-history":[{"count":0,"href":"https:\/\/jornalpacity.com.br\/index.php?rest_route=\/wp\/v2\/posts\/28633\/revisions"}],"wp:featuredmedia":[{"embeddable":true,"href":"https:\/\/jornalpacity.com.br\/index.php?rest_route=\/wp\/v2\/media\/28634"}],"wp:attachment":[{"href":"https:\/\/jornalpacity.com.br\/index.php?rest_route=%2Fwp%2Fv2%2Fmedia&parent=28633"}],"wp:term":[{"taxonomy":"category","embeddable":true,"href":"https:\/\/jornalpacity.com.br\/index.php?rest_route=%2Fwp%2Fv2%2Fcategories&post=28633"},{"taxonomy":"post_tag","embeddable":true,"href":"https:\/\/jornalpacity.com.br\/index.php?rest_route=%2Fwp%2Fv2%2Ftags&post=28633"}],"curies":[{"name":"wp","href":"https:\/\/api.w.org\/{rel}","templated":true}]}}