{"id":28637,"date":"2026-05-01T19:54:37","date_gmt":"2026-05-01T22:54:37","guid":{"rendered":"https:\/\/jornalpacity.com.br\/?p=28637"},"modified":"2026-05-01T19:54:37","modified_gmt":"2026-05-01T22:54:37","slug":"sindicatos-realizam-ato-pelo-direito-ao-descanso-e-fim-da-escala-6x1","status":"publish","type":"post","link":"https:\/\/jornalpacity.com.br\/?p=28637","title":{"rendered":"Sindicatos realizam ato pelo direito ao descanso e fim da escala 6&#215;1"},"content":{"rendered":"<\/p>\n<p><a class=\"\" href=\"https:\/\/agenciabrasil.ebc.com.br\/economia\/noticia\/2026-05\/sindicatos-realizam-ato-pelo-direito-ao-descanso-e-fim-da-escala-6x1\"><br \/>\n                    <img decoding=\"async\" src=\"https:\/\/cdn.jsdelivr.net\/gh\/sergiosdlima\/assets-ebc@1.0.0\/abr\/assets\/images\/logo-agenciabrasil.svg\" alt=\"Logo Ag\u00eancia Brasil\"><br \/>\n\t\t\t\t<\/a><\/p>\n<p><strong>Trabalhadores,\u00a0aposentados, estudantes e ativistas foram \u00e0s ruas em diversas cidades brasileiras nesta sexta-feira, 1\u00ba de maio, feriado que celebra o Dia Internacional do Trabalhador. <\/strong><img decoding=\"async\" src=\"https:\/\/agenciabrasil.ebc.com.br\/ebc.png?id=1688160&#038;o=rss\"><img decoding=\"async\" src=\"https:\/\/agenciabrasil.ebc.com.br\/ebc.gif?id=1688160&#038;o=rss\"><\/p>\n<p>Na pauta de reivindica\u00e7\u00f5es, as principais bandeiras eram o fim da escala de seis dias de trabalho e um de descanso (escala 6&#215;1), sem redu\u00e7\u00e3o salarial. Em Bras\u00edlia, a manifesta\u00e7\u00e3o foi no Eix\u00e3o do Lazer, na Asa Sul.<\/p>\n<div class=\"dnd-widget-wrapper context-medio_4colunas type-image atom-align-left\">\n<div class=\"dnd-atom-rendered\"><!-- scald=461376:medio_4colunas {\"additionalClasses\":\"\"} --><br \/>\n            <img decoding=\"async\" src=\"https:\/\/agenciabrasil.ebc.com.br\/sites\/default\/files\/thumbnails\/image\/loading_v2.gif\" data-echo=\"https:\/\/imagens.ebc.com.br\/l_Hi9OXiiRgLGA2LbaRAIEkWE8o=\/365x0\/smart\/https:\/\/agenciabrasil.ebc.com.br\/sites\/default\/files\/thumbnails\/image\/2026\/05\/01\/pzzb5284.jpg?itok=2-ZjAwgF\" alt=\"Bras\u00edlia (DF) 01\/05\/2026 - Manifesta\u00e7\u00e3o no Eix\u00e3o Sul contra a escala 6x1 tem participa\u00e7\u00e3o de populares e centrais sindicais.  Nat\u00e1lia Rodrigues e Cleide Gomes falam com a Ag\u00eancia Brasil. Foto: Fabio Rodrigues-Pozzebom\/ Ag\u00eancia Brasil\" title=\"Fabio Rodrigues-Pozzebom\/ Ag\u00eancia Brasil\"><br \/>\n        <noscript><img decoding=\"async\" src=\"https:\/\/imagens.ebc.com.br\/l_Hi9OXiiRgLGA2LbaRAIEkWE8o=\/365x0\/smart\/https:\/\/agenciabrasil.ebc.com.br\/sites\/default\/files\/thumbnails\/image\/2026\/05\/01\/pzzb5284.jpg?itok=2-ZjAwgF\" alt=\"Bras\u00edlia (DF) 01\/05\/2026 - Manifesta\u00e7\u00e3o no Eix\u00e3o Sul contra a escala 6x1 tem participa\u00e7\u00e3o de populares e centrais sindicais.  Nat\u00e1lia Rodrigues e Cleide Gomes falam com a Ag\u00eancia Brasil. Foto: Fabio Rodrigues-Pozzebom\/ Ag\u00eancia Brasil\" title=\"Fabio Rodrigues-Pozzebom\/ Ag\u00eancia Brasil\"><\/noscript><br \/>\n    <!-- END scald=461376 --><\/div>\n<div class=\"dnd-caption-wrapper\">\n<h6 class=\"meta\">Cleide Gomes com o netinho e a nora &#8211; <strong>Fabio Rodrigues-Pozzebom\/ Ag\u00eancia Brasil<\/strong><!--END copyright=461376--><\/h6>\n<\/div>\n<\/div>\n<h3>Not\u00edcias relacionadas:<\/h3>\n<ul>\n<li><a href=\"https:\/\/agenciabrasil.ebc.com.br\/direitos-humanos\/noticia\/2026-05\/manifestacao-em-sp-pede-fim-da-escala-6x1-e-acoes-contra-o-feminicidio\">Manifesta\u00e7\u00e3o em SP pede fim da escala 6&#215;1 e a\u00e7\u00f5es contra o feminic\u00eddio.<\/a><\/li>\n<li><a href=\"https:\/\/agenciabrasil.ebc.com.br\/economia\/noticia\/2026-05\/trabalho-de-cuidado-mulheres-tem-escala-7x0-diz-pesquisadora\">Trabalho de cuidado: \u201cMulheres t\u00eam escala 7&#215;0\u201d, diz pesquisadora.<\/a><\/li>\n<\/ul>\n<p>A empregada dom\u00e9stica Cleide Gomes, de 59 anos, foi ao ato com o neto, de 5 anos, a nora e a m\u00e3e, de 80, para cobrarem direitos trabalhistas.<\/p>\n<p>Cleide, que atualmente trabalha com carteira assinada, recorda da \u00e9poca em que foi feirante aut\u00f4noma e auxiliar de servi\u00e7os gerais, sem carteira de trabalho. Ela chama a aten\u00e7\u00e3o para as ilegalidades cometidas contra suas colegas de profiss\u00e3o.<\/p>\n<p>\u201cConhe\u00e7o pessoas que, agora, est\u00e3o no trabalho, pois o patr\u00e3o fala que hoje n\u00e3o \u00e9 feriado, mas ponto facultativo. As coitadas n\u00e3o v\u00e3o receber hora extra porque n\u00e3o sabem de seus direitos.\u201d<\/p>\n<p>O ato unificado 1\u00ba de Maio da Classe Trabalhadora foi organizado por setes centrais sindicais do Distrito Federal, com atra\u00e7\u00f5es culturais e discursos.<\/p>\n<p><strong>O movimento argumenta que a redu\u00e7\u00e3o da jornada, ao contr\u00e1rio do que dizem empresas, n\u00e3o prejudica a economia e aumenta a produtividade, sendo uma quest\u00e3o de justi\u00e7a social e um direito dos trabalhadores.<\/strong><\/p>\n<div class=\"dnd-widget-wrapper context-medio_4colunas type-image atom-align-right\">\n<div class=\"dnd-atom-rendered\"><!-- scald=461367:medio_4colunas {\"additionalClasses\":\"\"} --><br \/>\n            <img decoding=\"async\" src=\"https:\/\/agenciabrasil.ebc.com.br\/sites\/default\/files\/thumbnails\/image\/loading_v2.gif\" data-echo=\"https:\/\/imagens.ebc.com.br\/YlHSMLMaXtAJxyVABxR_bJjONbA=\/365x0\/smart\/https:\/\/agenciabrasil.ebc.com.br\/sites\/default\/files\/thumbnails\/image\/2026\/05\/01\/pzzb5177.jpg?itok=wc5EBEMb\" alt=\"Bras\u00edlia (DF) 01\/05\/2026 - Manifesta\u00e7\u00e3o no Eix\u00e3o Sul contra a escala 6x1 tem participa\u00e7\u00e3o de populares e centrais sindicais. O presidente da CUT\/Bras\u00edlia, professor Rodrigo Rodrigues, fala com a Ag\u00eancia Brasil.  Foto: Fabio Rodrigues-Pozzebom\/ Ag\u00eancia Brasil\" title=\"Fabio Rodrigues-Pozzebom\/ Ag\u00eancia Brasil\"><br \/>\n        <noscript><img decoding=\"async\" src=\"https:\/\/imagens.ebc.com.br\/YlHSMLMaXtAJxyVABxR_bJjONbA=\/365x0\/smart\/https:\/\/agenciabrasil.ebc.com.br\/sites\/default\/files\/thumbnails\/image\/2026\/05\/01\/pzzb5177.jpg?itok=wc5EBEMb\" alt=\"Bras\u00edlia (DF) 01\/05\/2026 - Manifesta\u00e7\u00e3o no Eix\u00e3o Sul contra a escala 6x1 tem participa\u00e7\u00e3o de populares e centrais sindicais. O presidente da CUT\/Bras\u00edlia, professor Rodrigo Rodrigues, fala com a Ag\u00eancia Brasil.  Foto: Fabio Rodrigues-Pozzebom\/ Ag\u00eancia Brasil\" title=\"Fabio Rodrigues-Pozzebom\/ Ag\u00eancia Brasil\"><\/noscript><br \/>\n    <!-- END scald=461367 --><\/div>\n<div class=\"dnd-caption-wrapper\">\n<h6 class=\"meta\">Presidente da CUT\/Bras\u00edlia, professor Rodrigo Rodrigues &#8211; <strong>Fabio Rodrigues-Pozzebom\/ Ag\u00eancia Brasil<\/strong><!--END copyright=461367--><\/h6>\n<\/div>\n<\/div>\n<p>O presidente da Central \u00danica dos Trabalhadores no Distrito Federal (CUT-DF), Rodrigo Rodrigues, cita exemplos de sucesso na redu\u00e7\u00e3o da jornada e critica o que classificou como &#8220;terrorismo&#8221; feito por algumas empresas.<\/p>\n<p>\u201cO descanso \u00e9 uma necessidade humana e apenas um dia de descanso coloca os trabalhadores em uma situa\u00e7\u00e3o de desprezo e de desgaste muito grandes. Portanto, reduzir a jornada \u00e9 uma [quest\u00e3o de] justi\u00e7a social, \u00e9 um direito do trabalhador ao seu tempo e \u00e9 tamb\u00e9m uma medida inteligente das empresas que fazem porque elas aumentam a produtividade, ao contr\u00e1rio do que diz o terrorismo que est\u00e1 sendo pregado.\u201d<\/p>\n<h2>Lutas\u00a0<\/h2>\n<div class=\"dnd-widget-wrapper context-medio_4colunas type-image atom-align-left\">\n<div class=\"dnd-atom-rendered\"><!-- scald=461370:medio_4colunas {\"additionalClasses\":\"\"} --><br \/>\n            <img decoding=\"async\" src=\"https:\/\/agenciabrasil.ebc.com.br\/sites\/default\/files\/thumbnails\/image\/loading_v2.gif\" data-echo=\"https:\/\/imagens.ebc.com.br\/XaMpBsgbgsqnorgPeNIX7A69C_k=\/365x0\/smart\/https:\/\/agenciabrasil.ebc.com.br\/sites\/default\/files\/thumbnails\/image\/2026\/05\/01\/pzzb5210.jpg?itok=aCLlExoW\" alt=\"Bras\u00edlia (DF) 01\/05\/2026 - Manifesta\u00e7\u00e3o no Eix\u00e3o Sul contra a escala 6x1 tem participa\u00e7\u00e3o de populares e centrais sindicais.  A venderora D\u00e9o Camisetas fala com a Ag\u00eancia Brasil.Foto: Fabio Rodrigues-Pozzebom\/ Ag\u00eancia Brasil\" title=\"Fabio Rodrigues-Pozzebom\/ Ag\u00eancia Brasil\"><br \/>\n        <noscript><img decoding=\"async\" src=\"https:\/\/imagens.ebc.com.br\/XaMpBsgbgsqnorgPeNIX7A69C_k=\/365x0\/smart\/https:\/\/agenciabrasil.ebc.com.br\/sites\/default\/files\/thumbnails\/image\/2026\/05\/01\/pzzb5210.jpg?itok=aCLlExoW\" alt=\"Bras\u00edlia (DF) 01\/05\/2026 - Manifesta\u00e7\u00e3o no Eix\u00e3o Sul contra a escala 6x1 tem participa\u00e7\u00e3o de populares e centrais sindicais.  A venderora D\u00e9o Camisetas fala com a Ag\u00eancia Brasil.Foto: Fabio Rodrigues-Pozzebom\/ Ag\u00eancia Brasil\" title=\"Fabio Rodrigues-Pozzebom\/ Ag\u00eancia Brasil\"><\/noscript><br \/>\n    <!-- END scald=461370 --><\/div>\n<div class=\"dnd-caption-wrapper\">\n<h6 class=\"meta\">A vendedora Idelsonsa Dantas falou \u00e0 Ag\u00eancia Brasil, durante ato no Eix\u00e3o &#8211; <strong>Fabio Rodrigues-Pozzebom\/ Ag\u00eancia Brasil<\/strong><!--END copyright=461370--><\/h6>\n<\/div>\n<\/div>\n<p>A trabalhadora informal Idelfonsa Dantas participou da manifesta\u00e7\u00e3o em busca de melhores condi\u00e7\u00f5es para a popula\u00e7\u00e3o e, especificamente, pela redu\u00e7\u00e3o da escala de trabalho. A vendedora considera que a luta deve ser di\u00e1ria.<\/p>\n<blockquote>\n<p>\u201cA gente sempre busca o melhor para a popula\u00e7\u00e3o trabalhadora.\u201d<\/p>\n<\/blockquote>\n<p>As bibliotec\u00e1rias Kelly Lemos e Ellen Rocha passaram no concurso p\u00fablico da Secretaria de Educa\u00e7\u00e3o do Distrito Federal em 2022 e est\u00e3o desempregadas.<\/p>\n<div class=\"dnd-widget-wrapper context-medio_4colunas type-image atom-align-right\">\n<div class=\"dnd-atom-rendered\"><!-- scald=461372:medio_4colunas {\"additionalClasses\":\"\"} --><br \/>\n            <img decoding=\"async\" src=\"https:\/\/agenciabrasil.ebc.com.br\/sites\/default\/files\/thumbnails\/image\/loading_v2.gif\" data-echo=\"https:\/\/imagens.ebc.com.br\/Ks3MMdSq7tgHIS2XRsm2QwC9Y60=\/365x0\/smart\/https:\/\/agenciabrasil.ebc.com.br\/sites\/default\/files\/thumbnails\/image\/2026\/05\/01\/pzzb5232.jpg?itok=bK7EhYT6\" alt=\"Bras\u00edlia (DF) 01\/05\/2026 - Manifesta\u00e7\u00e3o no Eix\u00e3o Sul contra a escala 6x1 tem participa\u00e7\u00e3o de populares e centrais sindicais. Helen Rocha e Kelly Lemos falam com a Ag\u00eancia Brasil.   Foto: Fabio Rodrigues-Pozzebom\/ Ag\u00eancia Brasil\" title=\"Fabio Rodrigues-Pozzebom\/ Ag\u00eancia Brasil\"><br \/>\n        <noscript><img decoding=\"async\" src=\"https:\/\/imagens.ebc.com.br\/Ks3MMdSq7tgHIS2XRsm2QwC9Y60=\/365x0\/smart\/https:\/\/agenciabrasil.ebc.com.br\/sites\/default\/files\/thumbnails\/image\/2026\/05\/01\/pzzb5232.jpg?itok=bK7EhYT6\" alt=\"Bras\u00edlia (DF) 01\/05\/2026 - Manifesta\u00e7\u00e3o no Eix\u00e3o Sul contra a escala 6x1 tem participa\u00e7\u00e3o de populares e centrais sindicais. Helen Rocha e Kelly Lemos falam com a Ag\u00eancia Brasil.   Foto: Fabio Rodrigues-Pozzebom\/ Ag\u00eancia Brasil\" title=\"Fabio Rodrigues-Pozzebom\/ Ag\u00eancia Brasil\"><\/noscript><br \/>\n    <!-- END scald=461372 --><\/div>\n<div class=\"dnd-caption-wrapper\">\n<h6 class=\"meta\">Helen Rocha e Kelly Lemos no eix\u00e3o sul, em Bras\u00edlia- <strong>Fabio Rodrigues-Pozzebom\/ Ag\u00eancia Brasil<\/strong><!--END copyright=461372--><\/h6>\n<\/div>\n<\/div>\n<p>Enquanto, aguardam a nomea\u00e7\u00e3o para as vagas, elas lutam pela valoriza\u00e7\u00e3o das carreiras dos profissionais de educa\u00e7\u00e3o e por melhores oportunidades.<\/p>\n<p>\u201cAs crian\u00e7as precisam de professores mais valorizados nas escolas\u201d, defendeu Elen Rocha. \u00a0<\/p>\n<h2>Tempo livre<\/h2>\n<p>Os cartazes com frases pelo fim da escala de trabalho 6&#215;1 contribu\u00edram para que tr\u00eas mulheres se unissem durante o protesto para defender mais tempo livre e, assim, garantir autocuidado, lazer e conviv\u00eancia em fam\u00edlia.<\/p>\n<p>A estagi\u00e1ria de psicopedagogia Ana Beatriz Oliveira, de 21 anos, trabalha com desenvolvimento de crian\u00e7as neuro divergentes e tem duas folgas semanais.<\/p>\n<p>Ela conta que por um ano trabalhou em grandes centros log\u00edsticos, com jornadas exaustivas que invadiam a madrugada e inclu\u00edam turnos dobrados. Como consequ\u00eancia, percebeu preju\u00edzos em sua forma\u00e7\u00e3o educacional e na sa\u00fade.<\/p>\n<div class=\"dnd-widget-wrapper context-medio_4colunas type-image atom-align-left\">\n<div class=\"dnd-atom-rendered\"><!-- scald=461377:medio_4colunas {\"additionalClasses\":\"\"} --><br \/>\n            <img decoding=\"async\" src=\"https:\/\/agenciabrasil.ebc.com.br\/sites\/default\/files\/thumbnails\/image\/loading_v2.gif\" data-echo=\"https:\/\/imagens.ebc.com.br\/Gj11hYCOpCduaCpzXlwWguG8uxI=\/365x0\/smart\/https:\/\/agenciabrasil.ebc.com.br\/sites\/default\/files\/thumbnails\/image\/2026\/05\/01\/pzzb5298.jpg?itok=RBcdLeit\" alt=\"Bras\u00edlia (DF) 01\/05\/2026 - Manifesta\u00e7\u00e3o no Eix\u00e3o Sul contra a escala 6x1 tem participa\u00e7\u00e3o de populares e centrais sindicais.  Ana Beatriz Oliveira, Lana Campani e Mar\u00edlia Salomoni, falam com a Ag\u00eancia Brasil.Foto: Fabio Rodrigues-Pozzebom\/ Ag\u00eancia Brasil\" title=\"Fabio Rodrigues-Pozzebom\/ Ag\u00eancia Brasil\"><br \/>\n        <noscript><img decoding=\"async\" src=\"https:\/\/imagens.ebc.com.br\/Gj11hYCOpCduaCpzXlwWguG8uxI=\/365x0\/smart\/https:\/\/agenciabrasil.ebc.com.br\/sites\/default\/files\/thumbnails\/image\/2026\/05\/01\/pzzb5298.jpg?itok=RBcdLeit\" alt=\"Bras\u00edlia (DF) 01\/05\/2026 - Manifesta\u00e7\u00e3o no Eix\u00e3o Sul contra a escala 6x1 tem participa\u00e7\u00e3o de populares e centrais sindicais.  Ana Beatriz Oliveira, Lana Campani e Mar\u00edlia Salomoni, falam com a Ag\u00eancia Brasil.Foto: Fabio Rodrigues-Pozzebom\/ Ag\u00eancia Brasil\" title=\"Fabio Rodrigues-Pozzebom\/ Ag\u00eancia Brasil\"><\/noscript><br \/>\n    <!-- END scald=461377 --><\/div>\n<div class=\"dnd-caption-wrapper\">\n<h6 class=\"meta\">Ana Beatriz Oliveira, Lana Campani e Mar\u00edlia Salomoni durante ato, em Bras\u00edlia &#8211; <strong>Fabio Rodrigues-Pozzebom\/ Ag\u00eancia Brasil<\/strong><!--END copyright=461377--><\/h6>\n<\/div>\n<\/div>\n<p>Ao mudar para escala de cinco dias de trabalho e dois de descanso (5&#215;2), Ana Beatriz percebeu melhorias na qualidade do sono, da alimenta\u00e7\u00e3o, al\u00e9m de mais disposi\u00e7\u00e3o no dia a dia.<\/p>\n<p>\u201cSou extremamente contra a escala 6&#215;1. Essa tem que acabar para ontem. Vejo que a redu\u00e7\u00e3o da jornada de trabalho de 44 horas semanais para 40, \u00e9 muito poss\u00edvel. Se fizer tudo direito, com o planejamento das escalas, a gente vai trabalhar mais descansado, com mais qualidade e produzir mais.\u201d<\/p>\n<p>A aposentada Ana Campania chama a escala 6&#215;1 de \u201cescala da escravid\u00e3o\u201d e foi ao ato exigir o fim da precariza\u00e7\u00e3o da m\u00e3o de obra.<\/p>\n<p>\u201cHoje \u00e9 o nosso dia de luta por melhores condi\u00e7\u00f5es. Principalmente, nesse momento que querem acabar com conquistas de muitas d\u00e9cadas. Por exemplo, a estabilidade dos servidores, garantias da CLT [Consolida\u00e7\u00e3o das Leis do Trabalho].\u201d<\/p>\n<h2>Jornada feminina<\/h2>\n<p>Sindicalista com atua\u00e7\u00e3o de longa data na defesa dos direitos de operadores de telemarketing, Geraldo Estev\u00e3o Coan veio ao ato desta sexta-feira e aproveitou para protestar por outra pauta: o fim da\u00a0 jornada dupla e at\u00e9 mesmo tripla que as mulheres trabalhadoras enfrentam no pa\u00eds. Para ele, os homens precisam compartilhar as tarefas de cuidado da casa e filhos<\/p>\n<blockquote>\n<p>\u201cO fim da escala 6&#215;1 tem que beneficiar muito mais as mulheres. N\u00f3s, os maridos, tamb\u00e9m temos que nos conscientizar de que n\u00e3o \u00e9 s\u00f3 a mulher que precisa cuidar da casa.\u201d<\/p>\n<\/blockquote>\n<h2>Confronto<\/h2>\n<div class=\"dnd-widget-wrapper context-medio_4colunas type-image atom-align-right\">\n<div class=\"dnd-atom-rendered\"><!-- scald=461380:medio_4colunas {\"additionalClasses\":\"\"} --><br \/>\n            <img decoding=\"async\" src=\"https:\/\/agenciabrasil.ebc.com.br\/sites\/default\/files\/thumbnails\/image\/loading_v2.gif\" data-echo=\"https:\/\/imagens.ebc.com.br\/Gl1JedUB3GZb7f0dA-fG_9jp22o=\/365x0\/smart\/https:\/\/agenciabrasil.ebc.com.br\/sites\/default\/files\/thumbnails\/image\/2026\/05\/01\/pzzb5341.jpg?itok=08jfZ7MY\" alt=\"Bras\u00edlia (DF) 01\/05\/2026 -Manifesta\u00e7\u00e3o no Eix\u00e3o Sul contra a escala 6x1 tem participa\u00e7\u00e3o de populares e centrais sindicais. Participantes entraram em confronto ap\u00f3s um boneco do ex-presidente Jair Bolsonaro ser quebrado.  Foto: Fabio Rodrigues-Pozzebom\/ Ag\u00eancia Brasil\" title=\"Fabio Rodrigues-Pozzebom\/ Ag\u00eancia Brasil\"><br \/>\n        <noscript><img decoding=\"async\" src=\"https:\/\/imagens.ebc.com.br\/Gl1JedUB3GZb7f0dA-fG_9jp22o=\/365x0\/smart\/https:\/\/agenciabrasil.ebc.com.br\/sites\/default\/files\/thumbnails\/image\/2026\/05\/01\/pzzb5341.jpg?itok=08jfZ7MY\" alt=\"Bras\u00edlia (DF) 01\/05\/2026 -Manifesta\u00e7\u00e3o no Eix\u00e3o Sul contra a escala 6x1 tem participa\u00e7\u00e3o de populares e centrais sindicais. Participantes entraram em confronto ap\u00f3s um boneco do ex-presidente Jair Bolsonaro ser quebrado.  Foto: Fabio Rodrigues-Pozzebom\/ Ag\u00eancia Brasil\" title=\"Fabio Rodrigues-Pozzebom\/ Ag\u00eancia Brasil\"><\/noscript><br \/>\n    <!-- END scald=461380 --><\/div>\n<div class=\"dnd-caption-wrapper\">\n<h6 class=\"meta\">Apoiadores de Bolsonaro entram em confronto com trabalhadores durante ato pelo dia 1\u00b0 de maio, em Bras\u00edlia &#8211; <strong>Fabio Rodrigues-Pozzebom\/ Ag\u00eancia Brasil<\/strong><!--END copyright=461380--><\/h6>\n<\/div>\n<\/div>\n<p>O ato em Bras\u00edlia registrou um confronto entre manifestantes e apoiadores de Jair Bolsonaro. Tudo aconteceu depois que os simpatizantes levaram um boneco do ex-presidente\u00a0em tamanha real vestido com uma capa da bandeira da Brasil.<\/p>\n<p>O gesto durante o ato p\u00fablico foi encarado como provoca\u00e7\u00e3o pelos manifestantes no Eix\u00e3o Sul. Houver troca de insultos e socos, mas o princ\u00edpio de tumulto foi contido pela\u00a0Pol\u00edcia Militar do Distrito Federal (PMDF).<\/p>\n<p>\u201cPessoas com posicionamentos ideol\u00f3gicos divergentes iniciaram provoca\u00e7\u00f5es e embates verbais entre si. As equipes policiais atuaram de forma r\u00e1pida restabelecendo a ordem p\u00fablica sem registro de ocorr\u00eancias graves\u201d, diz a publica\u00e7\u00e3o da PMDF.<\/p>\n<p>\u00a0<\/p>\n","protected":false},"excerpt":{"rendered":"<p>Trabalhadores,\u00a0aposentados, estudantes e ativistas foram \u00e0s ruas em diversas cidades brasileiras nesta sexta-feira, 1\u00ba de maio, feriado que celebra o Dia Internacional do Trabalhador. Na pauta de reivindica\u00e7\u00f5es, as principais bandeiras eram o fim da escala de seis dias de trabalho e um de descanso (escala 6&#215;1), sem redu\u00e7\u00e3o salarial. Em Bras\u00edlia, a manifesta\u00e7\u00e3o foi [&hellip;]<\/p>\n","protected":false},"author":1,"featured_media":28638,"comment_status":"open","ping_status":"open","sticky":false,"template":"","format":"standard","meta":{"site-sidebar-layout":"default","site-content-layout":"","ast-site-content-layout":"default","site-content-style":"default","site-sidebar-style":"default","ast-global-header-display":"","ast-banner-title-visibility":"","ast-main-header-display":"","ast-hfb-above-header-display":"","ast-hfb-below-header-display":"","ast-hfb-mobile-header-display":"","site-post-title":"","ast-breadcrumbs-content":"","ast-featured-img":"","footer-sml-layout":"","ast-disable-related-posts":"","theme-transparent-header-meta":"","adv-header-id-meta":"","stick-header-meta":"","header-above-stick-meta":"","header-main-stick-meta":"","header-below-stick-meta":"","astra-migrate-meta-layouts":"default","ast-page-background-enabled":"default","ast-page-background-meta":{"desktop":{"background-color":"var(--ast-global-color-4)","background-image":"","background-repeat":"repeat","background-position":"center center","background-size":"auto","background-attachment":"scroll","background-type":"","background-media":"","overlay-type":"","overlay-color":"","overlay-opacity":"","overlay-gradient":""},"tablet":{"background-color":"","background-image":"","background-repeat":"repeat","background-position":"center center","background-size":"auto","background-attachment":"scroll","background-type":"","background-media":"","overlay-type":"","overlay-color":"","overlay-opacity":"","overlay-gradient":""},"mobile":{"background-color":"","background-image":"","background-repeat":"repeat","background-position":"center center","background-size":"auto","background-attachment":"scroll","background-type":"","background-media":"","overlay-type":"","overlay-color":"","overlay-opacity":"","overlay-gradient":""}},"ast-content-background-meta":{"desktop":{"background-color":"var(--ast-global-color-5)","background-image":"","background-repeat":"repeat","background-position":"center center","background-size":"auto","background-attachment":"scroll","background-type":"","background-media":"","overlay-type":"","overlay-color":"","overlay-opacity":"","overlay-gradient":""},"tablet":{"background-color":"var(--ast-global-color-5)","background-image":"","background-repeat":"repeat","background-position":"center center","background-size":"auto","background-attachment":"scroll","background-type":"","background-media":"","overlay-type":"","overlay-color":"","overlay-opacity":"","overlay-gradient":""},"mobile":{"background-color":"var(--ast-global-color-5)","background-image":"","background-repeat":"repeat","background-position":"center center","background-size":"auto","background-attachment":"scroll","background-type":"","background-media":"","overlay-type":"","overlay-color":"","overlay-opacity":"","overlay-gradient":""}},"footnotes":""},"categories":[46],"tags":[],"class_list":["post-28637","post","type-post","status-publish","format-standard","has-post-thumbnail","hentry","category-economia"],"_links":{"self":[{"href":"https:\/\/jornalpacity.com.br\/index.php?rest_route=\/wp\/v2\/posts\/28637","targetHints":{"allow":["GET"]}}],"collection":[{"href":"https:\/\/jornalpacity.com.br\/index.php?rest_route=\/wp\/v2\/posts"}],"about":[{"href":"https:\/\/jornalpacity.com.br\/index.php?rest_route=\/wp\/v2\/types\/post"}],"author":[{"embeddable":true,"href":"https:\/\/jornalpacity.com.br\/index.php?rest_route=\/wp\/v2\/users\/1"}],"replies":[{"embeddable":true,"href":"https:\/\/jornalpacity.com.br\/index.php?rest_route=%2Fwp%2Fv2%2Fcomments&post=28637"}],"version-history":[{"count":0,"href":"https:\/\/jornalpacity.com.br\/index.php?rest_route=\/wp\/v2\/posts\/28637\/revisions"}],"wp:featuredmedia":[{"embeddable":true,"href":"https:\/\/jornalpacity.com.br\/index.php?rest_route=\/wp\/v2\/media\/28638"}],"wp:attachment":[{"href":"https:\/\/jornalpacity.com.br\/index.php?rest_route=%2Fwp%2Fv2%2Fmedia&parent=28637"}],"wp:term":[{"taxonomy":"category","embeddable":true,"href":"https:\/\/jornalpacity.com.br\/index.php?rest_route=%2Fwp%2Fv2%2Fcategories&post=28637"},{"taxonomy":"post_tag","embeddable":true,"href":"https:\/\/jornalpacity.com.br\/index.php?rest_route=%2Fwp%2Fv2%2Ftags&post=28637"}],"curies":[{"name":"wp","href":"https:\/\/api.w.org\/{rel}","templated":true}]}}