{"id":28667,"date":"2026-05-02T17:54:54","date_gmt":"2026-05-02T20:54:54","guid":{"rendered":"https:\/\/jornalpacity.com.br\/?p=28667"},"modified":"2026-05-02T17:54:54","modified_gmt":"2026-05-02T20:54:54","slug":"pernambuco-confirma-quinta-morte-relacionada-a-temporais","status":"publish","type":"post","link":"https:\/\/jornalpacity.com.br\/?p=28667","title":{"rendered":"Pernambuco confirma quinta morte relacionada a temporais"},"content":{"rendered":"<\/p>\n<p><a class=\"\" href=\"https:\/\/agenciabrasil.ebc.com.br\/geral\/noticia\/2026-05\/pernambuco-confirma-quinta-morte-relacionada-temporais\"><br \/>\n                    <img decoding=\"async\" src=\"https:\/\/cdn.jsdelivr.net\/gh\/sergiosdlima\/assets-ebc@1.0.0\/abr\/assets\/images\/logo-agenciabrasil.svg\" alt=\"Logo Ag\u00eancia Brasil\"><br \/>\n\t\t\t\t<\/a><\/p>\n<p><strong>A Defesa Civil de Pernambuco confirmou, neste s\u00e1bado (2), a quinta morte no Recife, no bairro de Dois Unidos, relacionada aos efeitos das chuvas recentes que atingem a Regi\u00e3o Metropolitana do Recife e a Zona da Mata Norte.<\/strong><img decoding=\"async\" src=\"https:\/\/agenciabrasil.ebc.com.br\/ebc.png?id=1688202&#038;o=rss\"><img decoding=\"async\" src=\"https:\/\/agenciabrasil.ebc.com.br\/ebc.gif?id=1688202&#038;o=rss\"><\/p>\n<p>O novo balan\u00e7o das ocorr\u00eancias aponta um total de 1.605 pessoas desabrigadas e 1.089 desalojadas em todo o estado.<\/p>\n<h2>\u00c1reas mais afetadas<\/h2>\n<\/p>\n<h3>Not\u00edcias relacionadas:<\/h3>\n<ul>\n<li><a href=\"https:\/\/agenciabrasil.ebc.com.br\/politica\/noticia\/2026-05\/chuvas-governo-envia-defesa-civil-para-pernambuco-e-paraiba\">Chuvas: Governo envia Defesa Civil para Pernambuco e Para\u00edba .<\/a><\/li>\n<li><a href=\"https:\/\/agenciabrasil.ebc.com.br\/politica\/noticia\/2026-05\/lula-determina-apoio-federal-para-cidades-atingidas-por-chuvas-em-pe\">Lula determina apoio federal para cidades atingidas por chuvas em PE.<\/a><\/li>\n<\/ul>\n<p>Os munic\u00edpios afetados com maior gravidade em Pernambuco incluem:<\/p>\n<p>\u00b7 Goiana, com 510 desabrigados e 994 desalojados;<\/p>\n<p>\u00b7 Recife, com 671 desabrigados;<\/p>\n<p>\u00b7 Olinda, com 170 desabrigados;<\/p>\n<p>\u00b7 Jaboat\u00e3o dos Guararapes, com 127 desabrigados;<\/p>\n<p>\u00b7 Timba\u00faba com 42 desabrigados e 52 desalojados;<\/p>\n<p>\u00b7 Igarassu com 27 desabrigados e 21 desalojados;<\/p>\n<p>\u00b7 Paulista 32 desabrigados e 11 desalojados;<\/p>\n<p>\u00b7 Camaragibe 5 desabrigados e 11 desalojados;<\/p>\n<p>\u00b7 Limoeiro 9 desabrigados; e<\/p>\n<p>\u00b7 Gl\u00f3ria do Goit\u00e1 12 desabrigados.<\/p>\n<h2>Situa\u00e7\u00e3o de emerg\u00eancia<\/h2>\n<p>A governadora de Pernambuco, Raquel Lyra decretou na tarde deste s\u00e1bado (2) situa\u00e7\u00e3o de emerg\u00eancia em Pernambuco e a medida ser\u00e1 publicada em edi\u00e7\u00e3o extra do <em>Di\u00e1rio Oficial do estado.<\/em><\/p>\n<p><a href=\"https:\/\/www.instagram.com\/p\/DX2PQbUoNKT\/?hl=pt\" target=\"_blank\">Em entrevista coletiva<\/a>, a governadora destacou que a decreta\u00e7\u00e3o da situa\u00e7\u00e3o de emerg\u00eancia vai acelerar a\u00e7\u00f5es e obras do Estado nos munic\u00edpios atingidos e permitir buscar investimentos necess\u00e1rios do governo federal para reconstruir o que foi destru\u00eddo pelas chuvas.<\/p>\n<p>A medida foi adotada ap\u00f3s reuni\u00f5es no Centro Integrado de Opera\u00e7\u00f5es de Defesa Social (CIODS), no Recife, com representantes da Defesa Civil Nacional, do Minist\u00e9rio da Integra\u00e7\u00e3o e do Desenvolvimento Regional (MIDR), representantes das defesas civis municipais e demais \u00f3rg\u00e3os estaduais envolvidos. Tamb\u00e9m foi realizada reuni\u00e3o online\u00a0com os prefeitos dos munic\u00edpios atingidos para alinhar estrat\u00e9gias e definir as pr\u00f3ximas a\u00e7\u00f5es.<\/p>\n<h2>Ajuda humanit\u00e1ria<\/h2>\n<p><strong>Ao todo, 29 abrigos foram ativados para acolhimento da popula\u00e7\u00e3o atingida.<\/strong><\/p>\n<p>Paralelamente, o Governo do Estado intensificou a distribui\u00e7\u00e3o de ajuda humanit\u00e1ria para as cidades atingidas. Em Goiana, foram entregues 150 colch\u00f5es, 300 len\u00e7\u00f3is, 38 kits de limpeza e 38 kits de higiene.<\/p>\n<h2>Para\u00edba<\/h2>\n<p><strong>Na Para\u00edba, tamb\u00e9m atingida pelos tempor\u00e1rias das \u00faltimas 48 horas, os impactos concentram-se principalmente nos munic\u00edpios de Conde, Jo\u00e3o Pessoa, Bayeux, Campina Grande, Ing\u00e1, Itabaiana, Mogeiro, Patos, S\u00e3o Jos\u00e9 dos Ramos, Sousa, Cajazeiras, Pilar e Cabedelo.<\/strong><\/p>\n<p>De acordo com informa\u00e7\u00f5es preliminares da Defesa Civil estadual, h\u00e1 registro de 1,5 mil fam\u00edlias desalojadas, 300 pessoas desabrigadas, cerca de 9 mil afetados e dois \u00f3bitos.<\/p>\n<p>Um comit\u00ea de crise foi instalado pelo governador da Para\u00edba, Lucas Ribeiro, com os \u00f3rg\u00e3os paraibanos envolvidos para tomar as provid\u00eancias necess\u00e1rias nos munic\u00edpios afetados pelas chuvas intensas.<\/p>\n<p>\u00a0<\/p>\n","protected":false},"excerpt":{"rendered":"<p>A Defesa Civil de Pernambuco confirmou, neste s\u00e1bado (2), a quinta morte no Recife, no bairro de Dois Unidos, relacionada aos efeitos das chuvas recentes que atingem a Regi\u00e3o Metropolitana do Recife e a Zona da Mata Norte. O novo balan\u00e7o das ocorr\u00eancias aponta um total de 1.605 pessoas desabrigadas e 1.089 desalojadas em todo [&hellip;]<\/p>\n","protected":false},"author":11,"featured_media":28668,"comment_status":"open","ping_status":"open","sticky":false,"template":"","format":"standard","meta":{"site-sidebar-layout":"default","site-content-layout":"","ast-site-content-layout":"default","site-content-style":"default","site-sidebar-style":"default","ast-global-header-display":"","ast-banner-title-visibility":"","ast-main-header-display":"","ast-hfb-above-header-display":"","ast-hfb-below-header-display":"","ast-hfb-mobile-header-display":"","site-post-title":"","ast-breadcrumbs-content":"","ast-featured-img":"","footer-sml-layout":"","ast-disable-related-posts":"","theme-transparent-header-meta":"","adv-header-id-meta":"","stick-header-meta":"","header-above-stick-meta":"","header-main-stick-meta":"","header-below-stick-meta":"","astra-migrate-meta-layouts":"default","ast-page-background-enabled":"default","ast-page-background-meta":{"desktop":{"background-color":"var(--ast-global-color-4)","background-image":"","background-repeat":"repeat","background-position":"center center","background-size":"auto","background-attachment":"scroll","background-type":"","background-media":"","overlay-type":"","overlay-color":"","overlay-opacity":"","overlay-gradient":""},"tablet":{"background-color":"","background-image":"","background-repeat":"repeat","background-position":"center center","background-size":"auto","background-attachment":"scroll","background-type":"","background-media":"","overlay-type":"","overlay-color":"","overlay-opacity":"","overlay-gradient":""},"mobile":{"background-color":"","background-image":"","background-repeat":"repeat","background-position":"center center","background-size":"auto","background-attachment":"scroll","background-type":"","background-media":"","overlay-type":"","overlay-color":"","overlay-opacity":"","overlay-gradient":""}},"ast-content-background-meta":{"desktop":{"background-color":"var(--ast-global-color-5)","background-image":"","background-repeat":"repeat","background-position":"center center","background-size":"auto","background-attachment":"scroll","background-type":"","background-media":"","overlay-type":"","overlay-color":"","overlay-opacity":"","overlay-gradient":""},"tablet":{"background-color":"var(--ast-global-color-5)","background-image":"","background-repeat":"repeat","background-position":"center center","background-size":"auto","background-attachment":"scroll","background-type":"","background-media":"","overlay-type":"","overlay-color":"","overlay-opacity":"","overlay-gradient":""},"mobile":{"background-color":"var(--ast-global-color-5)","background-image":"","background-repeat":"repeat","background-position":"center center","background-size":"auto","background-attachment":"scroll","background-type":"","background-media":"","overlay-type":"","overlay-color":"","overlay-opacity":"","overlay-gradient":""}},"footnotes":""},"categories":[1],"tags":[],"class_list":["post-28667","post","type-post","status-publish","format-standard","has-post-thumbnail","hentry","category-sem-categoria"],"_links":{"self":[{"href":"https:\/\/jornalpacity.com.br\/index.php?rest_route=\/wp\/v2\/posts\/28667","targetHints":{"allow":["GET"]}}],"collection":[{"href":"https:\/\/jornalpacity.com.br\/index.php?rest_route=\/wp\/v2\/posts"}],"about":[{"href":"https:\/\/jornalpacity.com.br\/index.php?rest_route=\/wp\/v2\/types\/post"}],"author":[{"embeddable":true,"href":"https:\/\/jornalpacity.com.br\/index.php?rest_route=\/wp\/v2\/users\/11"}],"replies":[{"embeddable":true,"href":"https:\/\/jornalpacity.com.br\/index.php?rest_route=%2Fwp%2Fv2%2Fcomments&post=28667"}],"version-history":[{"count":0,"href":"https:\/\/jornalpacity.com.br\/index.php?rest_route=\/wp\/v2\/posts\/28667\/revisions"}],"wp:featuredmedia":[{"embeddable":true,"href":"https:\/\/jornalpacity.com.br\/index.php?rest_route=\/wp\/v2\/media\/28668"}],"wp:attachment":[{"href":"https:\/\/jornalpacity.com.br\/index.php?rest_route=%2Fwp%2Fv2%2Fmedia&parent=28667"}],"wp:term":[{"taxonomy":"category","embeddable":true,"href":"https:\/\/jornalpacity.com.br\/index.php?rest_route=%2Fwp%2Fv2%2Fcategories&post=28667"},{"taxonomy":"post_tag","embeddable":true,"href":"https:\/\/jornalpacity.com.br\/index.php?rest_route=%2Fwp%2Fv2%2Ftags&post=28667"}],"curies":[{"name":"wp","href":"https:\/\/api.w.org\/{rel}","templated":true}]}}